{"id":388,"date":"2026-02-09T14:41:24","date_gmt":"2026-02-09T14:41:24","guid":{"rendered":"https:\/\/eskigazeteci.com\/?p=388"},"modified":"2026-02-09T14:41:24","modified_gmt":"2026-02-09T14:41:24","slug":"son-dakika-bebek-otelin-sahibi-muzaffer-yildirimin-malvarligina-el-konuldu","status":"publish","type":"post","link":"https:\/\/eskigazeteci.com\/?p=388","title":{"rendered":"Son dakika&#8230; Bebek Otel\u2019in sahibi Muzaffer Y\u0131ld\u0131r\u0131m\u2019\u0131n malvarl\u0131\u011f\u0131na el konuldu"},"content":{"rendered":"<p>\u0130stanbul Cumhuriyet Ba\u015fsavc\u0131l\u0131\u011f\u0131\u2019n\u0131n \u00fcnl\u00fclere y\u00f6nelik y\u00fcr\u00fctt\u00fc\u011f\u00fc uyu\u015fturucu ve fuhu\u015f soru\u015fturmas\u0131 kapsam\u0131nda g\u00f6zalt\u0131na al\u0131nan Bebek Otel \u2019in sahibi Muzaffer Y\u0131ld\u0131r\u0131m 7 Ocak\u2019ta tutuklanm\u0131\u015ft\u0131.<\/p>\n<p>SAVCILIK: \u201cC\u0130DD\u0130 EMARELER BULUNUYOR\u201d<\/p>\n<p>Ter\u00f6rizmin Finansman\u0131n\u0131n \u00d6nlenmesi ve Aklama Su\u00e7u Soru\u015fturma B\u00fcrosu taraf\u0131ndan y\u00fcr\u00fct\u00fclen soru\u015fturma kapsam\u0131nda, Muzaffer Y\u0131ld\u0131r\u0131m \u2019\u0131n malvarl\u0131\u011f\u0131 de\u011ferlerinin su\u00e7tan elde edildi\u011fine ve s\u00f6z konusu gelirin akland\u0131\u011f\u0131na dair ciddi emarelerin bulundu\u011fu tespit edildi. Bu nedenle, savc\u0131l\u0131\u011f\u0131n talebi \u0130stanbul 8. Sulh Ceza Hakimli\u011finin karar\u0131 do\u011frultusunda Y\u0131ld\u0131r\u0131m\u2019\u0131n malvarl\u0131\u011f\u0131na el konuldu.<\/p>\n<p>T\u00fcrkiye g\u00fcndeminden son dakika haberleri, bug\u00fcn ya\u015fanan en son geli\u015fmeler, siyaset g\u00fcndeminden g\u00fcncel haberler ve b\u00fct\u00fcn son dakika haberleri i\u00e7in H\u00fcrriyet&#x27;in internet haber sitesi hurriyet.com.tr; Hurriyet.com.tr haber i\u00e7erikleri kaynak g\u00f6sterilmeden al\u0131nt\u0131 yap\u0131lamaz, Kanuna ayk\u0131r\u0131 ve izinsiz olarak kopyalanamaz, ba\u015fka yerde yay\u0131nlanamaz.<\/p>\n","protected":false},"excerpt":{"rendered":"<p>Uyu\u015fturucu ve fuhu\u015f soru\u015fturmas\u0131 kapsam\u0131nda tutuklanan Bebek Otel\u2019in sahibi Muzaffer Y\u0131ld\u0131r\u0131m\u2019\u0131n mal varl\u0131\u011f\u0131na Sulh Ceza Hakimli\u011fi karar\u0131yla el konuldu&#8230;.<\/p>\n","protected":false},"author":2,"featured_media":387,"comment_status":"open","ping_status":"open","sticky":false,"template":"","format":"standard","meta":{"footnotes":""},"categories":[8,3],"tags":[],"class_list":["post-388","post","type-post","status-publish","format-standard","has-post-thumbnail","hentry","category-arsiv","category-siyaset"],"_links":{"self":[{"href":"https:\/\/eskigazeteci.com\/index.php?rest_route=\/wp\/v2\/posts\/388","targetHints":{"allow":["GET"]}}],"collection":[{"href":"https:\/\/eskigazeteci.com\/index.php?rest_route=\/wp\/v2\/posts"}],"about":[{"href":"https:\/\/eskigazeteci.com\/index.php?rest_route=\/wp\/v2\/types\/post"}],"author":[{"embeddable":true,"href":"https:\/\/eskigazeteci.com\/index.php?rest_route=\/wp\/v2\/users\/2"}],"replies":[{"embeddable":true,"href":"https:\/\/eskigazeteci.com\/index.php?rest_route=%2Fwp%2Fv2%2Fcomments&post=388"}],"version-history":[{"count":0,"href":"https:\/\/eskigazeteci.com\/index.php?rest_route=\/wp\/v2\/posts\/388\/revisions"}],"wp:featuredmedia":[{"embeddable":true,"href":"https:\/\/eskigazeteci.com\/index.php?rest_route=\/wp\/v2\/media\/387"}],"wp:attachment":[{"href":"https:\/\/eskigazeteci.com\/index.php?rest_route=%2Fwp%2Fv2%2Fmedia&parent=388"}],"wp:term":[{"taxonomy":"category","embeddable":true,"href":"https:\/\/eskigazeteci.com\/index.php?rest_route=%2Fwp%2Fv2%2Fcategories&post=388"},{"taxonomy":"post_tag","embeddable":true,"href":"https:\/\/eskigazeteci.com\/index.php?rest_route=%2Fwp%2Fv2%2Ftags&post=388"}],"curies":[{"name":"wp","href":"https:\/\/api.w.org\/{rel}","templated":true}]}}