{"id":382,"date":"2026-02-09T14:31:22","date_gmt":"2026-02-09T14:31:22","guid":{"rendered":"https:\/\/eskigazeteci.com\/?p=382"},"modified":"2026-02-09T14:31:22","modified_gmt":"2026-02-09T14:31:22","slug":"israil-filistinlilerin-idami-icin-harekete-gecti-insanligi-ayaklar-altina-alacak-karar","status":"publish","type":"post","link":"https:\/\/eskigazeteci.com\/?p=382","title":{"rendered":"\u0130srail, Filistinlilerin idam\u0131 i\u00e7in harekete ge\u00e7ti: \u0130nsanl\u0131\u011f\u0131 ayaklar alt\u0131na alacak karar"},"content":{"rendered":"<p>\u0130srail&#x27;de yay\u0131n yapan Kanal 13&#x27;\u00fcn haberinde, \u0130srail polisinden bir heyetin &quot;Filistinli mahkumlar\u0131n idam cezas\u0131n\u0131n nas\u0131l infaz edilece\u011fini \u00f6\u011frenmek \u00fczere yak\u0131nda Do\u011fu Asya&#x27;daki bir \u00fclkeye gidece\u011fi&quot; belirtildi.<\/p>\n<p>Haberde, s\u00f6z konusu \u00fclkenin ismine de\u011finilmedi.<\/p>\n<p>\u0130srail Cezaevi \u0130daresi&#x27;nin idam cezas\u0131n\u0131n uygulanmas\u0131na y\u00f6nelik haz\u0131rl\u0131klara ba\u015flad\u0131\u011f\u0131 belirtilen haberde, bu kapsamda \u00f6zel bir infaz kompleksi kurulmas\u0131n\u0131n, gerekli prosed\u00fcrlerin haz\u0131rlanmas\u0131n\u0131n, personelin e\u011fitilmesinin ve idam cezas\u0131n\u0131 uygulayan \u00fclkelerdeki \u00f6rneklerin incelenmesinin planland\u0131\u011f\u0131 a\u00e7\u0131kland\u0131.<\/p>\n<p>As\u0131larak idam y\u00f6nteminin tercih edilmesi halinde infaz\u0131n, 3 ki\u015finin ayn\u0131 anda d\u00fc\u011fmeye basmas\u0131yla ger\u00e7ekle\u015ftirilece\u011finin \u00f6ng\u00f6r\u00fcld\u00fc\u011f\u00fc ifade edildi.<\/p>\n<p>CEZALAR K\u0130MLERE UYGULANACAK<\/p>\n<p>Haberde ismi a\u00e7\u0131klanmayan bir \u0130srailli kaynak, s\u00f6z konusu yasan\u0131n \u00f6ncelikle 7 Ekim sald\u0131r\u0131lar\u0131na kat\u0131lmakla su\u00e7lanan \u0130zzeddin el-Kassam Tugaylar\u0131 mensuplar\u0131na, daha sonra ise Bat\u0131 \u015eeria&#x27;da &quot;ciddi sald\u0131r\u0131lar&quot; nedeniyle h\u00fck\u00fcm giyenlere uygulanmas\u0131n\u0131n planland\u0131\u011f\u0131n\u0131 bildirdi.<\/p>\n<p>\u0130srail&#x27;in a\u015f\u0131r\u0131 sa\u011fc\u0131 Ulusal G\u00fcvenlik Bakan\u0131 Itamar Ben-Gvir ise Telegram hesab\u0131ndan yapt\u0131\u011f\u0131 a\u00e7\u0131klamada, &quot;Asma, elektrikli sandalye, zehirli i\u011fne ya da kur\u015funa dizme\u2026 Y\u00f6ntem ne olursa olsun, tek bir \u015feyi hak ediyorlar: \u00f6l\u00fcm cezas\u0131.&quot; dedi.<\/p>\n<p>\u0130DAM YASASI<\/p>\n<p>Ben-Gvir\u2019in partisi Yahudi G\u00fcc\u00fc taraf\u0131ndan \u0130srail Meclisine sunulan yasa tasar\u0131s\u0131, &quot;\u0130srail devletine ve topraklar\u0131ndaki Yahudi halk\u0131na zarar verme amac\u0131yla, belirli bir gruba kar\u015f\u0131 \u0131rk\u00e7\u0131 veya nefret saikli g\u00fcd\u00fclerle kasten ya da kas\u0131ts\u0131z olarak bir \u0130srail vatanda\u015f\u0131n\u0131n \u00f6l\u00fcm\u00fcne neden olanlar\u0131n \u00f6l\u00fcm cezas\u0131na \u00e7arpt\u0131r\u0131lmas\u0131n\u0131&quot; \u00f6ng\u00f6r\u00fcyor.<\/p>\n<p>Tasar\u0131, 7 Ekim&#x27;e kat\u0131lmakla su\u00e7lanan Filistinlilere idama varan cezalar verilmesini savunurken, delillerin karma\u015f\u0131kl\u0131\u011f\u0131 ve &quot;7 Ekim&#x27;de ya\u015fanan vah\u015feti&quot; \u00f6ne s\u00fcrerek askeri mahkemenin y\u00fcr\u00fctece\u011fi yarg\u0131lamada &quot;standart usul ve kurallardan&quot; sapmas\u0131na da imkan tan\u0131yor.<\/p>\n<p>S\u00f6z konusu tasar\u0131, b\u00f6lgesel ve uluslararas\u0131 d\u00fczeyde sert ele\u015ftirilere yol a\u00e7arken, Tel Aviv y\u00f6netiminin uluslararas\u0131 hukuku ihlal etmeyi s\u00fcrd\u00fcrd\u00fc\u011f\u00fcne dikkat \u00e7ekiliyor.<\/p>\n<p>\u0130srail hapishanelerinde halihaz\u0131rda 9 binden fazla Filistinli mahkum tutuluyor.<\/p>\n<p>Yurtd\u0131\u015f\u0131nda ya\u015fanan en son olaylar, d\u00fcnya g\u00fcndemine oturan d\u0131\u015f haberler, son dakika d\u00fcnya haberleri, di\u011fer d\u00fcnya \u00fclkelerinden g\u00fcncel haberler i\u00e7in T\u00fcrkiye&#x27;nin haber sitesi hurriyet.com.tr; Hurriyet.com.tr haber i\u00e7erikleri kaynak g\u00f6sterilmeden al\u0131nt\u0131 yap\u0131lamaz, Kanuna ayk\u0131r\u0131 ve izinsiz olarak kopyalanamaz, ba\u015fka yerde yay\u0131nlanamaz.<\/p>\n","protected":false},"excerpt":{"rendered":"<p>\u0130srail Cezaevi \u0130daresi&#8217;nin Filistinlilere idam cezas\u0131 uygulanmas\u0131 i\u00e7in haz\u0131rl\u0131klara ba\u015flad\u0131\u011f\u0131, bu kapsamda polisten bir heyetin infaz y\u00f6ntemlerini incelemek&#8230;<\/p>\n","protected":false},"author":2,"featured_media":381,"comment_status":"open","ping_status":"open","sticky":false,"template":"","format":"standard","meta":{"footnotes":""},"categories":[8,3],"tags":[],"class_list":["post-382","post","type-post","status-publish","format-standard","has-post-thumbnail","hentry","category-arsiv","category-siyaset"],"_links":{"self":[{"href":"https:\/\/eskigazeteci.com\/index.php?rest_route=\/wp\/v2\/posts\/382","targetHints":{"allow":["GET"]}}],"collection":[{"href":"https:\/\/eskigazeteci.com\/index.php?rest_route=\/wp\/v2\/posts"}],"about":[{"href":"https:\/\/eskigazeteci.com\/index.php?rest_route=\/wp\/v2\/types\/post"}],"author":[{"embeddable":true,"href":"https:\/\/eskigazeteci.com\/index.php?rest_route=\/wp\/v2\/users\/2"}],"replies":[{"embeddable":true,"href":"https:\/\/eskigazeteci.com\/index.php?rest_route=%2Fwp%2Fv2%2Fcomments&post=382"}],"version-history":[{"count":0,"href":"https:\/\/eskigazeteci.com\/index.php?rest_route=\/wp\/v2\/posts\/382\/revisions"}],"wp:featuredmedia":[{"embeddable":true,"href":"https:\/\/eskigazeteci.com\/index.php?rest_route=\/wp\/v2\/media\/381"}],"wp:attachment":[{"href":"https:\/\/eskigazeteci.com\/index.php?rest_route=%2Fwp%2Fv2%2Fmedia&parent=382"}],"wp:term":[{"taxonomy":"category","embeddable":true,"href":"https:\/\/eskigazeteci.com\/index.php?rest_route=%2Fwp%2Fv2%2Fcategories&post=382"},{"taxonomy":"post_tag","embeddable":true,"href":"https:\/\/eskigazeteci.com\/index.php?rest_route=%2Fwp%2Fv2%2Ftags&post=382"}],"curies":[{"name":"wp","href":"https:\/\/api.w.org\/{rel}","templated":true}]}}