{"id":380,"date":"2026-02-09T14:21:21","date_gmt":"2026-02-09T14:21:21","guid":{"rendered":"https:\/\/eskigazeteci.com\/?p=380"},"modified":"2026-02-09T14:21:21","modified_gmt":"2026-02-09T14:21:21","slug":"beyoglunda-2-aylik-bebek-hayatini-kaybetmisti-babadan-anne-hakkinda-korkunc-iddia","status":"publish","type":"post","link":"https:\/\/eskigazeteci.com\/?p=380","title":{"rendered":"Beyo\u011flu&#8217;nda 2 ayl\u0131k bebek hayat\u0131n\u0131 kaybetmi\u015fti! Babadan anne hakk\u0131nda korkun\u00e7 iddia"},"content":{"rendered":"<p>Olay, 7 \u015eubat g\u00fcn\u00fc saat 03.15 s\u0131ralar\u0131nda B\u00fclb\u00fcl Mahallesi&#x27;nde meydana geldi. \u0130ddiaya g\u00f6re, Deniz D.(41) ve Kenyal\u0131 Lindah Nyamo\u0131ta S. (26) \u00e7iftinin \u00e7ocuklar\u0131 olan 2 ayl\u0131k bebek Melisa D.&#x27;yi annesi Sierra Leone uyruklu bak\u0131c\u0131 olan Isha K.(34)&#x27;ye b\u0131rak\u0131p i\u015fe gitti. Gece saatlerinde bebe\u011fin ate\u015flendi\u011fini fark eden bak\u0131c\u0131, sa\u011fl\u0131k ekiplerine ihbarda bulundu. Melisa D., ihbar \u00fczerine olay yerine gelen acil sa\u011fl\u0131k ekipleri taraf\u0131ndan Taksim E\u011fitim ve Ara\u015ft\u0131rma Hastanesi&#x27;ne kald\u0131r\u0131larak tedavi alt\u0131na al\u0131nd\u0131. Y\u00fcksek ate\u015fe ba\u011fl\u0131 n\u00f6bet ge\u00e7irdi\u011fi tespit edilen Melisa D. yap\u0131lan t\u00fcm m\u00fcdahalelere ra\u011fmen hayat\u0131n\u0131 kaybetti.<\/p>\n<p>BEZ\u0130N\u0130 DE\u011e\u0130\u015eT\u0130RMEK \u0130\u00c7\u0130N YANINA GELD\u0130\u011e\u0130 BEBE\u011e\u0130 HAREKETS\u0130Z BULDU<\/p>\n<p>Olay\u0131n ard\u0131ndan Kas\u0131mpa\u015fa Polis Merkezi Amirli\u011fi ekipleri \u00e7al\u0131\u015fma ba\u015flatt\u0131. Anne Lindah Nyamo\u0131ta S.&#x27;nin i\u015fe gidece\u011fini s\u00f6yleyerek bebe\u011fi bak\u0131c\u0131 Isha K.&#x27;ye b\u0131rakt\u0131\u011f\u0131, bak\u0131c\u0131n\u0131n ifadesinde bebek Melisa D.&#x27;nin kendisine getirildi\u011finde hasta oldu\u011funu ve gece bebe\u011fin bezini de\u011fi\u015ftirmek i\u00e7in kalkt\u0131\u011f\u0131nda hareketsiz oldu\u011funu g\u00f6rerek ambulansa haber verdi\u011fi \u00f6\u011frenildi. Bunun \u00fczerine olay yerine gelen acil sa\u011fl\u0131k ekiplerinin bebe\u011fi al\u0131p hastaneye g\u00f6t\u00fcrd\u00fc\u011f\u00fc, ancak bak\u0131c\u0131n\u0131n ise ambulansa binmeyip yakla\u015f\u0131k 2 saat boyunca bebe\u011fin g\u00f6t\u00fcr\u00fcld\u00fc\u011f\u00fc hastaneyi \u00f6\u011frenmek i\u00e7in dola\u015ft\u0131\u011f\u0131 tespit edildi.<\/p>\n<p>ANNE VE BAKICI TUTUKLANDI<\/p>\n<p>Anne Lindah Nyamo\u0131ta S.&#x27;nin ifadesinde bebe\u011finin hasta olmad\u0131\u011f\u0131n\u0131 s\u00f6yledi\u011fi \u00f6\u011frenildi. Baba Deniz D. ise, yakla\u015f\u0131k 1 haftad\u0131r anne ve \u00e7ocu\u011fu g\u00f6rmedi\u011fini belirtti. Olayla ilgili baban\u0131n ifadesi tan\u0131k olarak al\u0131nd\u0131. \u00d6te yandan emniyetteki i\u015flemlerin ard\u0131ndan adliyeye sevk edilen anne Lindah Nyamo\u0131ta S. ile bak\u0131c\u0131 Isha K. \u00e7\u0131kar\u0131ld\u0131klar\u0131 mahkemece &#x27;Bilin\u00e7li taksirle \u00f6l\u00fcme neden olma&#x27; su\u00e7undan tutuklanarak cezaevine g\u00f6nderildi.<\/p>\n<p>&#x27;KONU\u015eAMAYACAK KADAR SARHO\u015eTU&#x27;<\/p>\n<p>Bebe\u011fin babas\u0131 Deniz Do\u011fan savc\u0131l\u0131\u011fa verdi\u011fi \u015fikayet dilek\u00e7esi sonras\u0131nda konu\u015ftu, &quot;1 ay \u00f6nce e\u015fimden ayr\u0131ld\u0131m. En son \u00c7ar\u015famba ak\u015fam\u0131 saat 12.00 gibi bebek i\u00e7in g\u00f6r\u00fc\u015ft\u00fcm. Bebe\u011fin hasta oldu\u011funu s\u00f6yledi. \u00c7ar\u015famba ak\u015fam\u0131 bebe\u011fin yan\u0131na gittik, evine gittim. Evden \u00e7\u0131karken hastaneye g\u00f6t\u00fcr\u00fclmesi i\u00e7in 5 bin lira para b\u0131rakt\u0131m ve ayr\u0131ld\u0131m. Bir daha \u00e7ocu\u011fu g\u00f6rmedim. Hastaneye g\u00f6t\u00fcrmesini s\u00f6yledim. G\u00fcn boyu bayan\u0131 telefonla aray\u0131p &#x27;Hastaneye \u00e7ocu\u011fu g\u00f6t\u00fcrd\u00fcn m\u00fc?&#x27; diye sordum, yine net bir cevap alamad\u0131m. Gece saat 12.00\u2019ye kadar telefonla g\u00f6r\u00fc\u015ft\u00fcm, g\u00fcn boyu b\u00f6yle ge\u00e7ti. Ak\u015fam oldu, kad\u0131n yine evde yoktu; evi terk etmi\u015f gibiydi. O g\u00fcn \u00e7ocu\u011fu ald\u0131, g\u00f6t\u00fcrd\u00fc, ka\u00e7\u0131rd\u0131. Cuma g\u00fcn\u00fc yine telefonla bask\u0131 yapt\u0131m. &#x27;\u00c7ocuk nerede? Hastaneye g\u00f6t\u00fcrd\u00fcn m\u00fc, getirdin mi?&#x27; diye sordum, yine net bir cevap alamad\u0131m. Gece saat 12.00\u2019ye kadar telefonla s\u00fcrekli g\u00f6r\u00fc\u015ft\u00fcm. Bebe\u011fin annesi a\u015f\u0131r\u0131 derecede alkoll\u00fcyd\u00fc, ne s\u00f6yledi\u011fini bile bilmiyordu. Saat 01.00 gibi uyudum. Saat 04.00 gibi uyand\u0131m, telefonumu kontrol ettim. Telefon sessizdeydi, aramalar\u0131 g\u00f6rd\u00fcm. Tekrar arad\u0131m; konu\u015famayacak kadar sarho\u015ftu. &#x27;Neredesin?&#x27; diye sordum. Takside oldu\u011funu s\u00f6yledi. Taksi \u015fof\u00f6r\u00fcn\u00fc telefona istedim, konu\u015ftum. O da bana ne yapaca\u011f\u0131n\u0131 bilmedi\u011fini s\u00f6yledi. En yak\u0131n karakola g\u00f6t\u00fcr\u00fclmesini istedim&quot; \u015feklinde konu\u015ftu.<\/p>\n<p>&#x27;BEBE\u011eE HER G\u00dcN FARKLI \u0130NSANLAR BAKTI&#x27;<\/p>\n<p>Deniz Do\u011fan, &quot;Bebe\u011fin \u00f6l\u00fcm\u00fcn\u00fcn ger\u00e7ekle\u015fti\u011fi evde b\u0131rakt\u0131\u011f\u0131 kad\u0131n da taksinin i\u00e7erisindeydi. Kad\u0131n bak\u0131c\u0131 de\u011fil, arkada\u015f\u0131 ve son bir ayd\u0131r yan\u0131nda bulunan bir kad\u0131nd\u0131r. Bebe\u011fe her g\u00fcn farkl\u0131 insanlar bakt\u0131. Bebe\u011fi b\u0131rak\u0131p d\u0131\u015far\u0131 \u00e7\u0131kar, alkol i\u00e7er, sarho\u015f olur, kul\u00fcplerde e\u011flenir. Hi\u00e7bir i\u015f yapm\u0131yor. Ben bir ay \u00f6ncesine kadar tamamen kiras\u0131n\u0131 ve b\u00fct\u00fcn masraflar\u0131 \u00f6derdim. Bir ayd\u0131r eskort olarak d\u0131\u015far\u0131dayd\u0131, buna dair mesajlar\u0131 vard\u0131. Yan\u0131ndaki bayan\u0131n oturma izni var m\u0131 yok mu net bilmiyorum ama bebe\u011fin annesinin oturma izni yoktur. Bebek sayesinde ayl\u0131k imza at\u0131yordu. Anneden \u015fikayet\u00e7iyim, annesi bebe\u011fi ihmal etti&quot; dedi.<\/p>\n<p>T\u00fcrkiye g\u00fcndeminden son dakika haberleri, bug\u00fcn ya\u015fanan en son geli\u015fmeler, siyaset g\u00fcndeminden g\u00fcncel haberler ve b\u00fct\u00fcn son dakika haberleri i\u00e7in H\u00fcrriyet&#x27;in internet haber sitesi hurriyet.com.tr; Hurriyet.com.tr haber i\u00e7erikleri kaynak g\u00f6sterilmeden al\u0131nt\u0131 yap\u0131lamaz, Kanuna ayk\u0131r\u0131 ve izinsiz olarak kopyalanamaz, ba\u015fka yerde yay\u0131nlanamaz.<\/p>\n","protected":false},"excerpt":{"rendered":"<p>Beyo\u011flu&#8217;nda 2 ayl\u0131k bebek Melisa Do\u011fan iddiaya g\u00f6re y\u00fcksek ate\u015f \u015fikayetiyle kald\u0131r\u0131ld\u0131\u011f\u0131 hastanede hayat\u0131n\u0131 kaybetti. Olay\u0131n ard\u0131ndan savc\u0131l\u0131\u011fa \u015fikayet&#8230;<\/p>\n","protected":false},"author":2,"featured_media":379,"comment_status":"open","ping_status":"open","sticky":false,"template":"","format":"standard","meta":{"footnotes":""},"categories":[8,3],"tags":[],"class_list":["post-380","post","type-post","status-publish","format-standard","has-post-thumbnail","hentry","category-arsiv","category-siyaset"],"_links":{"self":[{"href":"https:\/\/eskigazeteci.com\/index.php?rest_route=\/wp\/v2\/posts\/380","targetHints":{"allow":["GET"]}}],"collection":[{"href":"https:\/\/eskigazeteci.com\/index.php?rest_route=\/wp\/v2\/posts"}],"about":[{"href":"https:\/\/eskigazeteci.com\/index.php?rest_route=\/wp\/v2\/types\/post"}],"author":[{"embeddable":true,"href":"https:\/\/eskigazeteci.com\/index.php?rest_route=\/wp\/v2\/users\/2"}],"replies":[{"embeddable":true,"href":"https:\/\/eskigazeteci.com\/index.php?rest_route=%2Fwp%2Fv2%2Fcomments&post=380"}],"version-history":[{"count":0,"href":"https:\/\/eskigazeteci.com\/index.php?rest_route=\/wp\/v2\/posts\/380\/revisions"}],"wp:featuredmedia":[{"embeddable":true,"href":"https:\/\/eskigazeteci.com\/index.php?rest_route=\/wp\/v2\/media\/379"}],"wp:attachment":[{"href":"https:\/\/eskigazeteci.com\/index.php?rest_route=%2Fwp%2Fv2%2Fmedia&parent=380"}],"wp:term":[{"taxonomy":"category","embeddable":true,"href":"https:\/\/eskigazeteci.com\/index.php?rest_route=%2Fwp%2Fv2%2Fcategories&post=380"},{"taxonomy":"post_tag","embeddable":true,"href":"https:\/\/eskigazeteci.com\/index.php?rest_route=%2Fwp%2Fv2%2Ftags&post=380"}],"curies":[{"name":"wp","href":"https:\/\/api.w.org\/{rel}","templated":true}]}}