{"id":374,"date":"2026-02-09T14:11:22","date_gmt":"2026-02-09T14:11:22","guid":{"rendered":"https:\/\/eskigazeteci.com\/?p=374"},"modified":"2026-02-09T14:11:22","modified_gmt":"2026-02-09T14:11:22","slug":"saba-kharebashvili-resmen-basaksehirde","status":"publish","type":"post","link":"https:\/\/eskigazeteci.com\/?p=374","title":{"rendered":"Saba Kharebashvili resmen Ba\u015fak\u015fehir&#8217;de!"},"content":{"rendered":"<p>Ba\u015fak\u015fehir, Dinamo Tiflis&#x27;ten 17 ya\u015f\u0131ndaki sol bek Saba Kharebashvili&#x27;yi transfer etti\u011fini a\u00e7\u0131klad\u0131.<\/p>\n<p>Gen\u00e7 futbolcu, 18 ya\u015f\u0131na gelece\u011fi yeni sezonla birlikte Ba\u015fak\u015fehir&#x27;e kat\u0131lacak.<\/p>\n<p>\u0130\u015fte Ba\u015fak\u015fehir&#x27;in a\u00e7\u0131klamas\u0131;<\/p>\n<p>Kul\u00fcb\u00fcm\u00fcz, Saba Kharebashvili\u2019nin transferi konusunda Dinamo Tiflis ile anla\u015fmaya varm\u0131\u015ft\u0131r.<\/p>\n<p>G\u00fcrc\u00fc Milli futbolcunun kul\u00fcb\u00fcm\u00fcze transferi, 18 ya\u015f\u0131na ula\u015faca\u011f\u0131 2026\u20132027 sezonu itibar\u0131yla ger\u00e7ekle\u015ftirilecektir.<\/p>\n<p>Hen\u00fcz 15 ya\u015f\u0131nda (15 y\u0131l, 7 ay, 23 g\u00fcn) A tak\u0131mda oynamaya ba\u015flayan ve kul\u00fcp tarihinde forma giyen en gen\u00e7 oyuncu olan Kharebashvili, Dinamo Tbilisi formas\u0131yla bug\u00fcne dek 58 resmi ma\u00e7a \u00e7\u0131karken 6 asist yapt\u0131.<\/p>\n<p>T\u00fcrkiye&#x27;den ve D\u00fcnya\u2019dan son dakika haberleri, k\u00f6\u015fe yaz\u0131lar\u0131, magazinden siyasete, spordan seyahate b\u00fct\u00fcn konular\u0131n tek adresi Hurriyet.com.tr haber i\u00e7erikleri izin al\u0131nmadan, kaynak g\u00f6sterilerek dahi iktibas edilemez. Kanuna ayk\u0131r\u0131 ve izinsiz olarak kopyalanamaz, ba\u015fka yerde yay\u0131nlanamaz.<\/p>\n","protected":false},"excerpt":{"rendered":"<p>Ba\u015fak\u015fehir, 17 ya\u015f\u0131ndaki Saba Kharebashvili&#8217;yi transfer etti\u011fini ve G\u00fcrc\u00fc oyuncunun gelecek sezon tak\u0131ma kat\u0131laca\u011f\u0131n\u0131 a\u00e7\u0131klad\u0131.<\/p>\n","protected":false},"author":2,"featured_media":373,"comment_status":"open","ping_status":"open","sticky":false,"template":"","format":"standard","meta":{"footnotes":""},"categories":[8,3],"tags":[],"class_list":["post-374","post","type-post","status-publish","format-standard","has-post-thumbnail","hentry","category-arsiv","category-siyaset"],"_links":{"self":[{"href":"https:\/\/eskigazeteci.com\/index.php?rest_route=\/wp\/v2\/posts\/374","targetHints":{"allow":["GET"]}}],"collection":[{"href":"https:\/\/eskigazeteci.com\/index.php?rest_route=\/wp\/v2\/posts"}],"about":[{"href":"https:\/\/eskigazeteci.com\/index.php?rest_route=\/wp\/v2\/types\/post"}],"author":[{"embeddable":true,"href":"https:\/\/eskigazeteci.com\/index.php?rest_route=\/wp\/v2\/users\/2"}],"replies":[{"embeddable":true,"href":"https:\/\/eskigazeteci.com\/index.php?rest_route=%2Fwp%2Fv2%2Fcomments&post=374"}],"version-history":[{"count":0,"href":"https:\/\/eskigazeteci.com\/index.php?rest_route=\/wp\/v2\/posts\/374\/revisions"}],"wp:featuredmedia":[{"embeddable":true,"href":"https:\/\/eskigazeteci.com\/index.php?rest_route=\/wp\/v2\/media\/373"}],"wp:attachment":[{"href":"https:\/\/eskigazeteci.com\/index.php?rest_route=%2Fwp%2Fv2%2Fmedia&parent=374"}],"wp:term":[{"taxonomy":"category","embeddable":true,"href":"https:\/\/eskigazeteci.com\/index.php?rest_route=%2Fwp%2Fv2%2Fcategories&post=374"},{"taxonomy":"post_tag","embeddable":true,"href":"https:\/\/eskigazeteci.com\/index.php?rest_route=%2Fwp%2Fv2%2Ftags&post=374"}],"curies":[{"name":"wp","href":"https:\/\/api.w.org\/{rel}","templated":true}]}}