{"id":364,"date":"2026-02-09T13:43:31","date_gmt":"2026-02-09T13:43:31","guid":{"rendered":"https:\/\/eskigazeteci.com\/?p=364"},"modified":"2026-02-09T13:43:31","modified_gmt":"2026-02-09T13:43:31","slug":"yunanistandaki-casusluk-sorusturmasinda-golge-kadin-iddiasi","status":"publish","type":"post","link":"https:\/\/eskigazeteci.com\/?p=364","title":{"rendered":"Yunanistan&#8217;daki casusluk soru\u015fturmas\u0131nda g\u00f6lge kad\u0131n iddias\u0131"},"content":{"rendered":"<p>Yunan bas\u0131n\u0131nda yer alan haberlerde, casusluk su\u00e7lamas\u0131yla yakalanan ve yar\u0131n savc\u0131ya ifade vermesi beklenen 54 ya\u015f\u0131ndaki subay\u0131n a\u011f i\u00e7inde kilit rol \u00fcstlendi\u011fi ancak yap\u0131lanman\u0131n en \u00fcst\u00fcnde yer almad\u0131\u011f\u0131 iddia edildi.<\/p>\n<p>&quot;G\u00f6lge kad\u0131n&quot; olarak tan\u0131mlanan ki\u015finin, a\u011f \u00fcyelerinin y\u00f6nlendirilmesi ve yeni ki\u015filerin dev\u015firilmesinde etkin rol oynad\u0131\u011f\u0131, 2025&#x27;te Atina\u2019da ger\u00e7ekle\u015ftirilen ve Yunan subay ile \u00c7inli ba\u011flant\u0131n\u0131n y\u00fcz y\u00fcze g\u00f6r\u00fc\u015ft\u00fc\u011f\u00fc belirtilen toplant\u0131ya da kat\u0131ld\u0131\u011f\u0131 ileri s\u00fcr\u00fcld\u00fc.<\/p>\n<p>Haberlerde, Yunan Genelkurmay Ba\u015fkanl\u0131\u011f\u0131 (GEETHA) ile Yunanistan Ulusal \u0130stihbarat Te\u015fkilat\u0131n\u0131n (EYP), s\u00f6z konusu g\u00f6r\u00fc\u015fmelere ili\u015fkin foto\u011fraf kay\u0131tlar\u0131na sahip oldu\u011fu iddias\u0131na yer verildi. Yetkililerin, &quot;g\u00f6lge kad\u0131n&quot; olarak an\u0131lan ki\u015finin subayla ilk temas\u0131 ne zaman ve hangi ko\u015fullarda kurdu\u011funu ara\u015ft\u0131rd\u0131\u011f\u0131 belirtildi.<\/p>\n<p>Soru\u015fturma kapsam\u0131nda iki emekli askerin de inceleme alt\u0131na al\u0131nd\u0131\u011f\u0131, bu ki\u015filerden birinin ge\u00e7mi\u015fte \u00c7in havac\u0131l\u0131k sekt\u00f6r\u00fcyle ba\u011flant\u0131s\u0131 bulundu\u011fu iddia edildi.<\/p>\n<p>Yunan makamlar\u0131 konuya ili\u015fkin resmi a\u00e7\u0131klama yapmazken, adli ve idari soru\u015fturman\u0131n s\u00fcrd\u00fc\u011f\u00fc bildirildi.<\/p>\n<p>Yurtd\u0131\u015f\u0131nda ya\u015fanan en son olaylar, d\u00fcnya g\u00fcndemine oturan d\u0131\u015f haberler, son dakika d\u00fcnya haberleri, di\u011fer d\u00fcnya \u00fclkelerinden g\u00fcncel haberler i\u00e7in T\u00fcrkiye&#x27;nin haber sitesi hurriyet.com.tr; Hurriyet.com.tr haber i\u00e7erikleri kaynak g\u00f6sterilmeden al\u0131nt\u0131 yap\u0131lamaz, Kanuna ayk\u0131r\u0131 ve izinsiz olarak kopyalanamaz, ba\u015fka yerde yay\u0131nlanamaz.<\/p>\n","protected":false},"excerpt":{"rendered":"<p>Yunanistan\u2019da \u00c7in ad\u0131na casusluk yapt\u0131\u011f\u0131 iddias\u0131yla yakalanan bir hava kuvvetleri mensubuna ili\u015fkin y\u00fcr\u00fct\u00fclen soru\u015fturmada, istihbarat a\u011f\u0131n\u0131n piramit&#8230;<\/p>\n","protected":false},"author":2,"featured_media":363,"comment_status":"open","ping_status":"open","sticky":false,"template":"","format":"standard","meta":{"footnotes":""},"categories":[8,3],"tags":[],"class_list":["post-364","post","type-post","status-publish","format-standard","has-post-thumbnail","hentry","category-arsiv","category-siyaset"],"_links":{"self":[{"href":"https:\/\/eskigazeteci.com\/index.php?rest_route=\/wp\/v2\/posts\/364","targetHints":{"allow":["GET"]}}],"collection":[{"href":"https:\/\/eskigazeteci.com\/index.php?rest_route=\/wp\/v2\/posts"}],"about":[{"href":"https:\/\/eskigazeteci.com\/index.php?rest_route=\/wp\/v2\/types\/post"}],"author":[{"embeddable":true,"href":"https:\/\/eskigazeteci.com\/index.php?rest_route=\/wp\/v2\/users\/2"}],"replies":[{"embeddable":true,"href":"https:\/\/eskigazeteci.com\/index.php?rest_route=%2Fwp%2Fv2%2Fcomments&post=364"}],"version-history":[{"count":0,"href":"https:\/\/eskigazeteci.com\/index.php?rest_route=\/wp\/v2\/posts\/364\/revisions"}],"wp:featuredmedia":[{"embeddable":true,"href":"https:\/\/eskigazeteci.com\/index.php?rest_route=\/wp\/v2\/media\/363"}],"wp:attachment":[{"href":"https:\/\/eskigazeteci.com\/index.php?rest_route=%2Fwp%2Fv2%2Fmedia&parent=364"}],"wp:term":[{"taxonomy":"category","embeddable":true,"href":"https:\/\/eskigazeteci.com\/index.php?rest_route=%2Fwp%2Fv2%2Fcategories&post=364"},{"taxonomy":"post_tag","embeddable":true,"href":"https:\/\/eskigazeteci.com\/index.php?rest_route=%2Fwp%2Fv2%2Ftags&post=364"}],"curies":[{"name":"wp","href":"https:\/\/api.w.org\/{rel}","templated":true}]}}