{"id":362,"date":"2026-02-09T13:33:35","date_gmt":"2026-02-09T13:33:35","guid":{"rendered":"https:\/\/eskigazeteci.com\/?p=362"},"modified":"2026-02-09T13:33:35","modified_gmt":"2026-02-09T13:33:35","slug":"babaanne-ile-3-yasindaki-torunu-topraga-verildi","status":"publish","type":"post","link":"https:\/\/eskigazeteci.com\/?p=362","title":{"rendered":"Babaanne ile 3 ya\u015f\u0131ndaki torunu topra\u011fa verildi"},"content":{"rendered":"<p>D\u00fcn \u00f6\u011flen saatlerinde Fethiye \u2013\u00dcz\u00fcml\u00fc kara yolunda otomobil ile hafif ticari arac\u0131n \u00e7arp\u0131\u015fmas\u0131 sonucu meydana gelen trafik kazas\u0131nda hayat\u0131n\u0131 kaybeden 3 ya\u015f\u0131ndaki Halil Efe Y\u0131lmaz ile 60 ya\u015f\u0131ndaki babaannesi Zeliha Y\u0131lmaz, Koru Mezarl\u0131\u011f\u0131&#x27;nda g\u00f6zya\u015flar\u0131 aras\u0131nda topra\u011fa verildi. Kazada hayat\u0131n\u0131 kaybeden babaanne ve torunu i\u00e7in k\u0131l\u0131nan cenaze namazlar\u0131na aile yak\u0131nlar\u0131, akrabalar ve \u00e7ok say\u0131da vatanda\u015f kat\u0131ld\u0131. Cenazede aile yak\u0131nlar\u0131 b\u00fcy\u00fck \u00fcz\u00fcnt\u00fc ya\u015fad\u0131.<\/p>\n<p>Kazada yaralanan baba Y\u0131ld\u0131ray Y\u0131lmaz, anne Havva Y\u0131lmaz ve hayat\u0131n\u0131 kaybeden Halil Efe Y\u0131lmaz&#x27;\u0131n ikizi Zeliha Y\u0131lmaz&#x27;\u0131n hastanedeki tedavilerinin s\u00fcrd\u00fc\u011f\u00fc \u00f6\u011frenildi.<\/p>\n<p>\u00d6te yandan, ailenin yakla\u015f\u0131k 4 y\u0131ll\u0131k t\u00fcp bebek tedavisinin ard\u0131ndan ikiz \u00e7ocuk sahibi oldu\u011fu bilgisi, ya\u015fanan ac\u0131n\u0131n boyutunu daha da art\u0131rd\u0131.<\/p>\n<p>T\u00fcrkiye g\u00fcndeminden son dakika haberleri, bug\u00fcn ya\u015fanan en son geli\u015fmeler, siyaset g\u00fcndeminden g\u00fcncel haberler ve b\u00fct\u00fcn son dakika haberleri i\u00e7in H\u00fcrriyet&#x27;in internet haber sitesi hurriyet.com.tr; Hurriyet.com.tr haber i\u00e7erikleri kaynak g\u00f6sterilmeden al\u0131nt\u0131 yap\u0131lamaz, Kanuna ayk\u0131r\u0131 ve izinsiz olarak kopyalanamaz, ba\u015fka yerde yay\u0131nlanamaz.<\/p>\n","protected":false},"excerpt":{"rendered":"<p>Mu\u011fla&#8217;n\u0131n Fethiye il\u00e7esinde meydana gelen kazada hayat\u0131n\u0131 kaybeden 3 ya\u015f\u0131ndaki \u00e7ocuk ile 60 ya\u015f\u0131ndaki babaannesi, Koru Mezarl\u0131\u011f\u0131&#8217;nda topra\u011fa verildi. Kazada&#8230;<\/p>\n","protected":false},"author":2,"featured_media":361,"comment_status":"open","ping_status":"open","sticky":false,"template":"","format":"standard","meta":{"footnotes":""},"categories":[8,4],"tags":[],"class_list":["post-362","post","type-post","status-publish","format-standard","has-post-thumbnail","hentry","category-arsiv","category-ege"],"_links":{"self":[{"href":"https:\/\/eskigazeteci.com\/index.php?rest_route=\/wp\/v2\/posts\/362","targetHints":{"allow":["GET"]}}],"collection":[{"href":"https:\/\/eskigazeteci.com\/index.php?rest_route=\/wp\/v2\/posts"}],"about":[{"href":"https:\/\/eskigazeteci.com\/index.php?rest_route=\/wp\/v2\/types\/post"}],"author":[{"embeddable":true,"href":"https:\/\/eskigazeteci.com\/index.php?rest_route=\/wp\/v2\/users\/2"}],"replies":[{"embeddable":true,"href":"https:\/\/eskigazeteci.com\/index.php?rest_route=%2Fwp%2Fv2%2Fcomments&post=362"}],"version-history":[{"count":0,"href":"https:\/\/eskigazeteci.com\/index.php?rest_route=\/wp\/v2\/posts\/362\/revisions"}],"wp:featuredmedia":[{"embeddable":true,"href":"https:\/\/eskigazeteci.com\/index.php?rest_route=\/wp\/v2\/media\/361"}],"wp:attachment":[{"href":"https:\/\/eskigazeteci.com\/index.php?rest_route=%2Fwp%2Fv2%2Fmedia&parent=362"}],"wp:term":[{"taxonomy":"category","embeddable":true,"href":"https:\/\/eskigazeteci.com\/index.php?rest_route=%2Fwp%2Fv2%2Fcategories&post=362"},{"taxonomy":"post_tag","embeddable":true,"href":"https:\/\/eskigazeteci.com\/index.php?rest_route=%2Fwp%2Fv2%2Ftags&post=362"}],"curies":[{"name":"wp","href":"https:\/\/api.w.org\/{rel}","templated":true}]}}