{"id":360,"date":"2026-02-09T13:33:34","date_gmt":"2026-02-09T13:33:34","guid":{"rendered":"https:\/\/eskigazeteci.com\/?p=360"},"modified":"2026-02-09T13:33:34","modified_gmt":"2026-02-09T13:33:34","slug":"sedef-kabas-hakkinda-5-yila-kadar-hapis-istemiyle-iddianame-duzenlendi","status":"publish","type":"post","link":"https:\/\/eskigazeteci.com\/?p=360","title":{"rendered":"Sedef Kaba\u015f hakk\u0131nda 5 y\u0131la kadar hapis istemiyle iddianame d\u00fczenlendi"},"content":{"rendered":"<p>Anadolu Cumhuriyet Ba\u015fsavc\u0131l\u0131\u011f\u0131 Bas\u0131n Su\u00e7lar\u0131 Soru\u015fturma B\u00fcrosunca haz\u0131rlanan iddianamede, \u015f\u00fcpheli Kaba\u015f&#x27;\u0131n 9 Eyl\u00fcl 2025&#x27;te, ABD merkezli X \u015firketinin sosyal medya platformundaki hesab\u0131ndan yapt\u0131\u011f\u0131 sosyal medya payla\u015f\u0131mlar\u0131yla alenen su\u00e7 i\u015flemeye tahrikte bulundu\u011fu aktar\u0131ld\u0131.<\/p>\n<p>\u015e\u00fcphelinin \u00fczerine at\u0131l\u0131 su\u00e7u i\u015fledi\u011fi belirtilen iddianamede, Kaba\u015f&#x27;\u0131n &quot;su\u00e7 i\u015flemeye alenen tahrik etme&quot; su\u00e7undan 6 aydan 5 y\u0131la kadar hapisle cezaland\u0131r\u0131lmas\u0131 talep edildi.<\/p>\n<p>\u0130ddianame, de\u011ferlendirilmesi i\u00e7in Anadolu Asliye Ceza Mahkemesine g\u00f6nderildi.<\/p>\n<p>Kaba\u015f hakk\u0131ndaki &quot;Cumhurba\u015fkan\u0131na hareket&quot; su\u00e7undan y\u00fcr\u00fct\u00fclen soru\u015fturman\u0131n ise ayr\u0131ld\u0131\u011f\u0131 \u00f6\u011frenildi.<\/p>\n<p>OLAYIN GE\u00c7M\u0130\u015e\u0130<\/p>\n<p>\u015e\u00fcpheli Sedef Kaba\u015f , 26 Ocak&#x27;ta \u0130stanbul Anadolu Cumhuriyet Ba\u015fsavc\u0131l\u0131\u011f\u0131nca, ABD merkezli X \u015firketinin sosyal medya platformundaki hesab\u0131ndan yapt\u0131\u011f\u0131 payla\u015f\u0131mlar nedeniyle &quot;Cumhurba\u015fkan\u0131na hakaret&quot; ve &quot; su\u00e7 i\u015flemeye tahrik &quot; su\u00e7lar\u0131ndan g\u00f6zalt\u0131na al\u0131nm\u0131\u015ft\u0131.<\/p>\n<p>Emniyetteki i\u015flemlerinin ard\u0131ndan adliyeye sevk edilen Kaba\u015f, savc\u0131l\u0131ktaki ifadesinde, payla\u015f\u0131mlar\u0131n\u0131n hakaret, su\u00e7a te\u015fvik ya da su\u00e7 unsuru bar\u0131nd\u0131rmad\u0131\u011f\u0131n\u0131, yapt\u0131\u011f\u0131 t\u00fcm payla\u015f\u0131mlar\u0131n ifade \u00f6zg\u00fcrl\u00fc\u011f\u00fc kapsam\u0131nda oldu\u011funu savunarak, su\u00e7lamalar\u0131 kabul etmemi\u015fti.<\/p>\n<p>Savc\u0131l\u0131ktaki i\u015flemlerinin ard\u0131ndan n\u00f6bet\u00e7i sulh ceza hakimli\u011fine \u00e7\u0131kar\u0131lan Kaba\u015f&#x27;\u0131n, yurt d\u0131\u015f\u0131na \u00e7\u0131k\u0131\u015f yasa\u011f\u0131 ve haftada 2 g\u00fcn imza \u015feklinde adli kontrol tedbiri uygulanarak serbest b\u0131rak\u0131lmas\u0131na karar verilmi\u015fti.<\/p>\n<p>T\u00fcrkiye g\u00fcndeminden son dakika haberleri, bug\u00fcn ya\u015fanan en son geli\u015fmeler, siyaset g\u00fcndeminden g\u00fcncel haberler ve b\u00fct\u00fcn son dakika haberleri i\u00e7in H\u00fcrriyet&#x27;in internet haber sitesi hurriyet.com.tr; Hurriyet.com.tr haber i\u00e7erikleri kaynak g\u00f6sterilmeden al\u0131nt\u0131 yap\u0131lamaz, Kanuna ayk\u0131r\u0131 ve izinsiz olarak kopyalanamaz, ba\u015fka yerde yay\u0131nlanamaz.<\/p>\n","protected":false},"excerpt":{"rendered":"<p>Sedef Kaba\u015f hakk\u0131nda, sosyal medya hesab\u0131ndan yapt\u0131\u011f\u0131 payla\u015f\u0131mlar\u0131 nedeniyle su\u00e7 i\u015flemeye alenen tahrik etme su\u00e7undan 5 y\u0131la kadar hapis cezas\u0131 istemiyle&#8230;<\/p>\n","protected":false},"author":2,"featured_media":359,"comment_status":"open","ping_status":"open","sticky":false,"template":"","format":"standard","meta":{"footnotes":""},"categories":[8,3],"tags":[],"class_list":["post-360","post","type-post","status-publish","format-standard","has-post-thumbnail","hentry","category-arsiv","category-siyaset"],"_links":{"self":[{"href":"https:\/\/eskigazeteci.com\/index.php?rest_route=\/wp\/v2\/posts\/360","targetHints":{"allow":["GET"]}}],"collection":[{"href":"https:\/\/eskigazeteci.com\/index.php?rest_route=\/wp\/v2\/posts"}],"about":[{"href":"https:\/\/eskigazeteci.com\/index.php?rest_route=\/wp\/v2\/types\/post"}],"author":[{"embeddable":true,"href":"https:\/\/eskigazeteci.com\/index.php?rest_route=\/wp\/v2\/users\/2"}],"replies":[{"embeddable":true,"href":"https:\/\/eskigazeteci.com\/index.php?rest_route=%2Fwp%2Fv2%2Fcomments&post=360"}],"version-history":[{"count":0,"href":"https:\/\/eskigazeteci.com\/index.php?rest_route=\/wp\/v2\/posts\/360\/revisions"}],"wp:featuredmedia":[{"embeddable":true,"href":"https:\/\/eskigazeteci.com\/index.php?rest_route=\/wp\/v2\/media\/359"}],"wp:attachment":[{"href":"https:\/\/eskigazeteci.com\/index.php?rest_route=%2Fwp%2Fv2%2Fmedia&parent=360"}],"wp:term":[{"taxonomy":"category","embeddable":true,"href":"https:\/\/eskigazeteci.com\/index.php?rest_route=%2Fwp%2Fv2%2Fcategories&post=360"},{"taxonomy":"post_tag","embeddable":true,"href":"https:\/\/eskigazeteci.com\/index.php?rest_route=%2Fwp%2Fv2%2Ftags&post=360"}],"curies":[{"name":"wp","href":"https:\/\/api.w.org\/{rel}","templated":true}]}}