{"id":358,"date":"2026-02-09T13:33:33","date_gmt":"2026-02-09T13:33:33","guid":{"rendered":"https:\/\/eskigazeteci.com\/?p=358"},"modified":"2026-02-09T13:33:33","modified_gmt":"2026-02-09T13:33:33","slug":"gelinim-mutfakta-toplam-puan-tablosu-3-subat-2026","status":"publish","type":"post","link":"https:\/\/eskigazeteci.com\/?p=358","title":{"rendered":"GEL\u0130N\u0130M MUTFAKTA TOPLAM PUAN TABLOSU 3 \u015eUBAT 2026"},"content":{"rendered":"<p>Gelinim Mutfakta g\u00fcn\u00fcn \u00e7eyrek alt\u0131n kazanan ismi belli oldu. Gelinim Mutfakta bug\u00fcn kim 1. oldu sorusu de\u011ferlendirmeler sonucunda yan\u0131t buldu. Gelinim Mutfakta&#x27;da , Tu\u011fba, Ayten, Alime ve G\u00f6zde gelinlerden biri Gelinim Mutfakta g\u00fcn\u00fcn birincisi oldu ve \u00e7eyrek alt\u0131n\u0131 yakas\u0131na takt\u0131. Peki, Gelinim Mutfakta bug\u00fcn kim 1. oldu, \u00e7eyre\u011fi kim ald\u0131?<\/p>\n<p>9 \u015eubat Pazartesi g\u00fcn\u00fcn birincisi Tu\u011fba oldu. G\u00fcn\u00fcn en y\u00fcksek puan\u0131n\u0131 alan Tu\u011fba, \u00e7eyrek alt\u0131n\u0131 yakas\u0131na takt\u0131.<\/p>\n<p>TU\u011eBA:20 AYTEN:17 AL\u0130ME:13 G\u00d6ZDE:12<\/p>\n<p>TU\u011eBA:20<\/p>\n<p>AYTEN:17<\/p>\n<p>AL\u0130ME:13<\/p>\n<p>G\u00d6ZDE:12<\/p>\n<p>T\u00fcrkiye&#x27;den ve D\u00fcnya\u2019dan son dakika haberleri, k\u00f6\u015fe yaz\u0131lar\u0131, magazinden siyasete, spordan seyahate b\u00fct\u00fcn konular\u0131n tek adresi Hurriyet.com.tr haber i\u00e7erikleri izin al\u0131nmadan, kaynak g\u00f6sterilerek dahi iktibas edilemez. Kanuna ayk\u0131r\u0131 ve izinsiz olarak kopyalanamaz, ba\u015fka yerde yay\u0131nlanamaz.<\/p>\n","protected":false},"excerpt":{"rendered":"<p>Gelinim Mutfakta, yeni hafta ilk b\u00f6l\u00fcm\u00fcyle izleyici kar\u015f\u0131s\u0131na \u00e7\u0131kt\u0131. Programa yeni haftada kat\u0131lan isimler H\u00fcr\u00fc Han\u0131m ve Ayten gelin oldu. 9 \u015eubat Pazartesi&#8230;<\/p>\n","protected":false},"author":2,"featured_media":357,"comment_status":"open","ping_status":"open","sticky":false,"template":"","format":"standard","meta":{"footnotes":""},"categories":[8,3],"tags":[],"class_list":["post-358","post","type-post","status-publish","format-standard","has-post-thumbnail","hentry","category-arsiv","category-siyaset"],"_links":{"self":[{"href":"https:\/\/eskigazeteci.com\/index.php?rest_route=\/wp\/v2\/posts\/358","targetHints":{"allow":["GET"]}}],"collection":[{"href":"https:\/\/eskigazeteci.com\/index.php?rest_route=\/wp\/v2\/posts"}],"about":[{"href":"https:\/\/eskigazeteci.com\/index.php?rest_route=\/wp\/v2\/types\/post"}],"author":[{"embeddable":true,"href":"https:\/\/eskigazeteci.com\/index.php?rest_route=\/wp\/v2\/users\/2"}],"replies":[{"embeddable":true,"href":"https:\/\/eskigazeteci.com\/index.php?rest_route=%2Fwp%2Fv2%2Fcomments&post=358"}],"version-history":[{"count":0,"href":"https:\/\/eskigazeteci.com\/index.php?rest_route=\/wp\/v2\/posts\/358\/revisions"}],"wp:featuredmedia":[{"embeddable":true,"href":"https:\/\/eskigazeteci.com\/index.php?rest_route=\/wp\/v2\/media\/357"}],"wp:attachment":[{"href":"https:\/\/eskigazeteci.com\/index.php?rest_route=%2Fwp%2Fv2%2Fmedia&parent=358"}],"wp:term":[{"taxonomy":"category","embeddable":true,"href":"https:\/\/eskigazeteci.com\/index.php?rest_route=%2Fwp%2Fv2%2Fcategories&post=358"},{"taxonomy":"post_tag","embeddable":true,"href":"https:\/\/eskigazeteci.com\/index.php?rest_route=%2Fwp%2Fv2%2Ftags&post=358"}],"curies":[{"name":"wp","href":"https:\/\/api.w.org\/{rel}","templated":true}]}}