{"id":356,"date":"2026-02-09T13:33:32","date_gmt":"2026-02-09T13:33:32","guid":{"rendered":"https:\/\/eskigazeteci.com\/?p=356"},"modified":"2026-02-09T13:33:32","modified_gmt":"2026-02-09T13:33:32","slug":"epstein-kimdir-nereli-neden-ve-ne-zaman-oldu-jeffrey-epstein-dosyasinda-kimlerin-adi-geciyor","status":"publish","type":"post","link":"https:\/\/eskigazeteci.com\/?p=356","title":{"rendered":"Epstein kimdir, nereli, neden ve ne zaman \u00f6ld\u00fc? Jeffrey Epstein dosyas\u0131nda kimlerin ad\u0131 ge\u00e7iyor?"},"content":{"rendered":"<p>Epstein davas\u0131, sadece bir bireyin su\u00e7lar\u0131n\u0131 de\u011fil, k\u00fcresel bir elit tabakan\u0131n dahil oldu\u011fu organize bir \u015febekeyi temsil etmektedir. Skandal\u0131n merkezinde, Epstein&#x27;\u0131n Karayipler&#x27;deki \u00f6zel adas\u0131 Little Saint James (kamuoyunda &quot;Pedofili Adas\u0131&quot; olarak bilinir) ve &quot;Lolita Express&quot; olarak adland\u0131r\u0131lan \u00f6zel u\u00e7a\u011f\u0131 yer almaktad\u0131r. Epstein&#x27;\u0131n eski sevgilisi ve su\u00e7 orta\u011f\u0131 Ghislaine Maxwell, re\u015fit olmayan k\u0131z \u00e7ocuklar\u0131n\u0131 bu a\u011fa dahil etmek ve &quot;tedarik etmek&quot; su\u00e7undan 20 y\u0131l hapis cezas\u0131na \u00e7arpt\u0131r\u0131lm\u0131\u015ft\u0131r.<\/p>\n<p>Epstein davas\u0131, sadece bir bireyin su\u00e7lar\u0131n\u0131 de\u011fil, k\u00fcresel bir elit tabakan\u0131n dahil oldu\u011fu organize bir \u015febekeyi temsil etmektedir. Skandal\u0131n merkezinde, Epstein&#x27;\u0131n Karayipler&#x27;deki \u00f6zel adas\u0131 Little Saint James (kamuoyunda &quot;Pedofili Adas\u0131&quot; olarak bilinir) ve &quot;Lolita Express&quot; olarak adland\u0131r\u0131lan \u00f6zel u\u00e7a\u011f\u0131 yer almaktad\u0131r.<\/p>\n<p>Epstein&#x27;\u0131n eski sevgilisi ve su\u00e7 orta\u011f\u0131 Ghislaine Maxwell, re\u015fit olmayan k\u0131z \u00e7ocuklar\u0131n\u0131 bu a\u011fa dahil etmek ve &quot;tedarik etmek&quot; su\u00e7undan 20 y\u0131l hapis cezas\u0131na \u00e7arpt\u0131r\u0131lm\u0131\u015ft\u0131r.<\/p>\n<p>1953 y\u0131l\u0131nda New York, Brooklyn&#x27;de do\u011fan Jeffrey Edward Epstein, kariyerine \u00f6\u011fretmenlik yaparak ba\u015flam\u0131\u015f, ancak k\u0131sa s\u00fcrede finans d\u00fcnyas\u0131na ge\u00e7i\u015f yaparak milyarder bir yat\u0131r\u0131mc\u0131ya d\u00f6n\u00fc\u015fm\u00fc\u015ft\u00fcr. Epstein, sadece servetiyle de\u011fil; siyaset\u00e7iler, kraliyet ailesi \u00fcyeleri ve \u00fcnl\u00fc isimlerle kurdu\u011fu yak\u0131n dostluklarla tan\u0131nan bir isimdi. Ancak bu par\u0131lt\u0131l\u0131 hayat\u0131n arkas\u0131nda, re\u015fit olmayan k\u0131z \u00e7ocuklar\u0131na y\u00f6nelik sistematik bir cinsel istismar ve insan ka\u00e7ak\u00e7\u0131l\u0131\u011f\u0131 a\u011f\u0131 oldu\u011fu ortaya \u00e7\u0131kt\u0131. \u0130lk olarak 2008 y\u0131l\u0131nda Florida&#x27;da \u00e7ocuk istismar\u0131 su\u00e7lamas\u0131yla kar\u015f\u0131 kar\u015f\u0131ya kalan Epstein, 2019 y\u0131l\u0131nda federal d\u00fczeyde cinsel ama\u00e7l\u0131 insan ticareti su\u00e7lamas\u0131yla tutukland\u0131. 10 A\u011fustos 2019&#x27;da, yarg\u0131lanmay\u0131 bekledi\u011fi New York&#x27;taki h\u00fccresinde \u00f6l\u00fc bulundu. Resmi kay\u0131tlara &quot;intihar&quot; olarak ge\u00e7se de, \u00f6l\u00fcm\u00fc \u00fczerindeki \u015f\u00fcpheler ve komplo teorileri g\u00fcncelli\u011fini korumaktad\u0131r. EPSTE\u0130N NE ZAMAN \u00d6LD\u00dc? Epstein, 6 Temmuz 2019&#x27;da Florida ve New York&#x27;ta k\u00fc\u00e7\u00fck k\u0131z \u00e7ocuklar\u0131n\u0131 taciz ve seks ticareti su\u00e7lamalar\u0131yla tutukland\u0131. 10 A\u011fustos 2019&#x27;da New York&#x27;taki hapishane h\u00fccresinde as\u0131larak intihar etti<\/p>\n<p>1953 y\u0131l\u0131nda New York, Brooklyn&#x27;de do\u011fan Jeffrey Edward Epstein, kariyerine \u00f6\u011fretmenlik yaparak ba\u015flam\u0131\u015f, ancak k\u0131sa s\u00fcrede finans d\u00fcnyas\u0131na ge\u00e7i\u015f yaparak milyarder bir yat\u0131r\u0131mc\u0131ya d\u00f6n\u00fc\u015fm\u00fc\u015ft\u00fcr. Epstein, sadece servetiyle de\u011fil; siyaset\u00e7iler, kraliyet ailesi \u00fcyeleri ve \u00fcnl\u00fc isimlerle kurdu\u011fu yak\u0131n dostluklarla tan\u0131nan bir isimdi.<\/p>\n<p>Ancak bu par\u0131lt\u0131l\u0131 hayat\u0131n arkas\u0131nda, re\u015fit olmayan k\u0131z \u00e7ocuklar\u0131na y\u00f6nelik sistematik bir cinsel istismar ve insan ka\u00e7ak\u00e7\u0131l\u0131\u011f\u0131 a\u011f\u0131 oldu\u011fu ortaya \u00e7\u0131kt\u0131. \u0130lk olarak 2008 y\u0131l\u0131nda Florida&#x27;da \u00e7ocuk istismar\u0131 su\u00e7lamas\u0131yla kar\u015f\u0131 kar\u015f\u0131ya kalan Epstein, 2019 y\u0131l\u0131nda federal d\u00fczeyde cinsel ama\u00e7l\u0131 insan ticareti su\u00e7lamas\u0131yla tutukland\u0131. 10 A\u011fustos 2019&#x27;da, yarg\u0131lanmay\u0131 bekledi\u011fi New York&#x27;taki h\u00fccresinde \u00f6l\u00fc bulundu. Resmi kay\u0131tlara &quot;intihar&quot; olarak ge\u00e7se de, \u00f6l\u00fcm\u00fc \u00fczerindeki \u015f\u00fcpheler ve komplo teorileri g\u00fcncelli\u011fini korumaktad\u0131r.<\/p>\n<p>EPSTE\u0130N NE ZAMAN \u00d6LD\u00dc?<\/p>\n<p>Epstein, 6 Temmuz 2019&#x27;da Florida ve New York&#x27;ta k\u00fc\u00e7\u00fck k\u0131z \u00e7ocuklar\u0131n\u0131 taciz ve seks ticareti su\u00e7lamalar\u0131yla tutukland\u0131. 10 A\u011fustos 2019&#x27;da New York&#x27;taki hapishane h\u00fccresinde as\u0131larak intihar etti<\/p>\n<p>ABD Adalet Bakanl\u0131\u011f\u0131&#x27;n\u0131n yay\u0131mlad\u0131\u011f\u0131 son belgelerle birlikte pek \u00e7ok \u00f6nemli ismin de ad\u0131 kay\u0131tlara ge\u00e7mi\u015f oldu. 3 milyon sayfay\u0131 bulan bu yeni kay\u0131tlarda \u00f6ne \u00e7\u0131kan baz\u0131 iddialar \u015funlard\u0131r: \u0130sim \u0130ddia \/ Ba\u011flant\u0131 Donald Trump Belgelerde ad\u0131 y\u00fczlerce kez ge\u00e7iyor. Epstein&#x27;\u0131n bir kurbanla saatlerce vakit ge\u00e7irdi\u011fine dair e-posta kay\u0131tlar\u0131 bulunuyor. Prens Andrew &quot;A&quot; imzal\u0131 e-postalarda Buckingham Saray\u0131&#x27;ndaki mahremiyetten bahsetti\u011fi ve Rus bir kad\u0131nla tan\u0131\u015ft\u0131r\u0131lma teklifi ald\u0131\u011f\u0131 g\u00f6r\u00fcl\u00fcyor. Elon Musk Epstein&#x27;\u0131n adas\u0131na seyahat ve parti d\u00fczenleme konular\u0131nda e-posta yaz\u0131\u015fmalar\u0131 mevcut; ancak adaya gitti\u011fine dair kesin kan\u0131t yok. Bill Gates Epstein ile olan g\u00f6r\u00fc\u015fmeleri belgelerde yer al\u0131yor; Gates iddialar\u0131 &quot;sa\u00e7ma ve yanl\u0131\u015f&quot; olarak nitelendiriyor. Lord Mandelson Epstein&#x27;dan toplamda 75.000 dolar \u00f6deme ald\u0131\u011f\u0131 iddia ediliyor.<\/p>\n<p>ABD Adalet Bakanl\u0131\u011f\u0131&#x27;n\u0131n yay\u0131mlad\u0131\u011f\u0131 son belgelerle birlikte pek \u00e7ok \u00f6nemli ismin de ad\u0131 kay\u0131tlara ge\u00e7mi\u015f oldu. 3 milyon sayfay\u0131 bulan bu yeni kay\u0131tlarda \u00f6ne \u00e7\u0131kan baz\u0131 iddialar \u015funlard\u0131r:<\/p>\n<p>\u0130sim<\/p>\n<p>\u0130ddia \/ Ba\u011flant\u0131<\/p>\n<p>Donald Trump<\/p>\n<p>Belgelerde ad\u0131 y\u00fczlerce kez ge\u00e7iyor. Epstein&#x27;\u0131n bir kurbanla saatlerce vakit ge\u00e7irdi\u011fine dair e-posta kay\u0131tlar\u0131 bulunuyor.<\/p>\n<p>Prens Andrew<\/p>\n<p>&quot;A&quot; imzal\u0131 e-postalarda Buckingham Saray\u0131&#x27;ndaki mahremiyetten bahsetti\u011fi ve Rus bir kad\u0131nla tan\u0131\u015ft\u0131r\u0131lma teklifi ald\u0131\u011f\u0131 g\u00f6r\u00fcl\u00fcyor.<\/p>\n<p>Elon Musk<\/p>\n<p>Epstein&#x27;\u0131n adas\u0131na seyahat ve parti d\u00fczenleme konular\u0131nda e-posta yaz\u0131\u015fmalar\u0131 mevcut; ancak adaya gitti\u011fine dair kesin kan\u0131t yok.<\/p>\n<p>Bill Gates<\/p>\n<p>Epstein ile olan g\u00f6r\u00fc\u015fmeleri belgelerde yer al\u0131yor; Gates iddialar\u0131 &quot;sa\u00e7ma ve yanl\u0131\u015f&quot; olarak nitelendiriyor.<\/p>\n<p>Lord Mandelson<\/p>\n<p>Epstein&#x27;dan toplamda 75.000 dolar \u00f6deme ald\u0131\u011f\u0131 iddia ediliyor.<\/p>\n<p>Epstein dosyas\u0131n\u0131n T\u00fcrkiye aya\u011f\u0131, \u00f6zellikle son y\u0131llarda ciddi tart\u0131\u015fmalara yol a\u00e7m\u0131\u015ft\u0131r. Dosyalarda iki T\u00fcrk vatanda\u015f\u0131n\u0131n (Banu K\u00fc\u00e7\u00fckk\u00f6yl\u00fc ve Turabi F\u0131rat) isimlerinin u\u00e7u\u015f kay\u0131tlar\u0131nda ge\u00e7mesiyle ba\u015flayan s\u00fcre\u00e7, \u00e7ok daha a\u011f\u0131r iddialarla geni\u015flemi\u015ftir. En dikkat \u00e7ekici iddia, 1999 Marmara Depremi sonras\u0131nda kaybolan \u00e7ocuklar\u0131n bir k\u0131sm\u0131n\u0131n bu \u015febeke arac\u0131l\u0131\u011f\u0131yla ABD&#x27;ye ka\u00e7\u0131r\u0131ld\u0131\u011f\u0131 y\u00f6n\u00fcndeki beyanlard\u0131r. Baz\u0131 ma\u011fdur avukatlar\u0131 ve tan\u0131klar, T\u00fcrkiye&#x27;den de \u00e7ocuklar\u0131n bu fuhu\u015f a\u011f\u0131na dahil edildi\u011fini \u00f6ne s\u00fcrm\u00fc\u015ft\u00fcr.<\/p>\n<p>Epstein dosyas\u0131n\u0131n T\u00fcrkiye aya\u011f\u0131, \u00f6zellikle son y\u0131llarda ciddi tart\u0131\u015fmalara yol a\u00e7m\u0131\u015ft\u0131r. Dosyalarda iki T\u00fcrk vatanda\u015f\u0131n\u0131n (Banu K\u00fc\u00e7\u00fckk\u00f6yl\u00fc ve Turabi F\u0131rat) isimlerinin u\u00e7u\u015f kay\u0131tlar\u0131nda ge\u00e7mesiyle ba\u015flayan s\u00fcre\u00e7, \u00e7ok daha a\u011f\u0131r iddialarla geni\u015flemi\u015ftir.<\/p>\n<p>En dikkat \u00e7ekici iddia, 1999 Marmara Depremi sonras\u0131nda kaybolan \u00e7ocuklar\u0131n bir k\u0131sm\u0131n\u0131n bu \u015febeke arac\u0131l\u0131\u011f\u0131yla ABD&#x27;ye ka\u00e7\u0131r\u0131ld\u0131\u011f\u0131 y\u00f6n\u00fcndeki beyanlard\u0131r. Baz\u0131 ma\u011fdur avukatlar\u0131 ve tan\u0131klar, T\u00fcrkiye&#x27;den de \u00e7ocuklar\u0131n bu fuhu\u015f a\u011f\u0131na dahil edildi\u011fini \u00f6ne s\u00fcrm\u00fc\u015ft\u00fcr.<\/p>\n<p>T\u00fcrkiye&#x27;den ve D\u00fcnya\u2019dan son dakika haberleri, k\u00f6\u015fe yaz\u0131lar\u0131, magazinden siyasete, spordan seyahate b\u00fct\u00fcn konular\u0131n tek adresi Hurriyet.com.tr haber i\u00e7erikleri izin al\u0131nmadan, kaynak g\u00f6sterilerek dahi iktibas edilemez. Kanuna ayk\u0131r\u0131 ve izinsiz olarak kopyalanamaz, ba\u015fka yerde yay\u0131nlanamaz.<\/p>\n","protected":false},"excerpt":{"rendered":"<p>Epstein dosyas\u0131 kimler var, Epstein olay\u0131 nedir sorusu haftalard\u0131r d\u00fcnyan\u0131n g\u00fcndeminde yer almaya devam ediyor. ABD Adalet Bakanl\u0131\u011f\u0131 taraf\u0131ndan \u015eubat 2026&#8230;<\/p>\n","protected":false},"author":2,"featured_media":355,"comment_status":"open","ping_status":"open","sticky":false,"template":"","format":"standard","meta":{"footnotes":""},"categories":[8,3],"tags":[],"class_list":["post-356","post","type-post","status-publish","format-standard","has-post-thumbnail","hentry","category-arsiv","category-siyaset"],"_links":{"self":[{"href":"https:\/\/eskigazeteci.com\/index.php?rest_route=\/wp\/v2\/posts\/356","targetHints":{"allow":["GET"]}}],"collection":[{"href":"https:\/\/eskigazeteci.com\/index.php?rest_route=\/wp\/v2\/posts"}],"about":[{"href":"https:\/\/eskigazeteci.com\/index.php?rest_route=\/wp\/v2\/types\/post"}],"author":[{"embeddable":true,"href":"https:\/\/eskigazeteci.com\/index.php?rest_route=\/wp\/v2\/users\/2"}],"replies":[{"embeddable":true,"href":"https:\/\/eskigazeteci.com\/index.php?rest_route=%2Fwp%2Fv2%2Fcomments&post=356"}],"version-history":[{"count":0,"href":"https:\/\/eskigazeteci.com\/index.php?rest_route=\/wp\/v2\/posts\/356\/revisions"}],"wp:featuredmedia":[{"embeddable":true,"href":"https:\/\/eskigazeteci.com\/index.php?rest_route=\/wp\/v2\/media\/355"}],"wp:attachment":[{"href":"https:\/\/eskigazeteci.com\/index.php?rest_route=%2Fwp%2Fv2%2Fmedia&parent=356"}],"wp:term":[{"taxonomy":"category","embeddable":true,"href":"https:\/\/eskigazeteci.com\/index.php?rest_route=%2Fwp%2Fv2%2Fcategories&post=356"},{"taxonomy":"post_tag","embeddable":true,"href":"https:\/\/eskigazeteci.com\/index.php?rest_route=%2Fwp%2Fv2%2Ftags&post=356"}],"curies":[{"name":"wp","href":"https:\/\/api.w.org\/{rel}","templated":true}]}}