{"id":354,"date":"2026-02-09T13:23:31","date_gmt":"2026-02-09T13:23:31","guid":{"rendered":"https:\/\/eskigazeteci.com\/?p=354"},"modified":"2026-02-09T13:23:31","modified_gmt":"2026-02-09T13:23:31","slug":"haber-152","status":"publish","type":"post","link":"https:\/\/eskigazeteci.com\/?p=354","title":{"rendered":"Haber"},"content":{"rendered":"<p>Hamaney, devrimin 47&#x27;nci y\u0131l d\u00f6n\u00fcm\u00fc m\u00fcnasebetiyle halka seslendi. Hamaney, 1979 devriminde \u0130ran halk\u0131n\u0131n zafer kazanarak \u00fclkesini yabanc\u0131 m\u00fcdahalelerden kurtard\u0131\u011f\u0131n\u0131 ifade etti.<\/p>\n<p>ABD ile yeniden ba\u015flayan m\u00fczakerelere ili\u015fkin Erak\u00e7i de \u00fclkesinin g\u00f6r\u00fc\u015fmelerde ciddi oldu\u011funu ve ger\u00e7ek sonu\u00e7lara ula\u015fmay\u0131 hedefledi\u011fini, ABD&#x27;nin de ayn\u0131 ciddiyeti g\u00f6stermesi ve sonu\u00e7 odakl\u0131 m\u00fczakerelere haz\u0131r olmas\u0131 gerekti\u011fini ifade etti.<\/p>\n<p>&#x27;D\u00dc\u015eMANI UMUTSUZLU\u011eA S\u00dcR\u00dcKLEY\u0130N&#x27;<\/p>\n<p>\u0130ran devlet televizyonuna g\u00f6re, yabanc\u0131 g\u00fc\u00e7lerin, devrim \u00f6ncesi durumu yeniden sa\u011flamak istedi\u011fine i\u015faret eden Hamaney, d\u00fc\u015fman\u0131n bu konudaki umudunu k\u0131rmak gerekti\u011fini dile getirdi.<\/p>\n<p>Hamaney , \u015funlar\u0131 kaydetti:<\/p>\n<p>&quot;Ulusal g\u00fc\u00e7, f\u00fcze ve u\u00e7aklardan ziyade halklar\u0131n iradesi ve direni\u015fine ba\u011fl\u0131d\u0131r. Sizler \u00e7ok \u015f\u00fck\u00fcr direni\u015finizi ve iradenizi g\u00f6sterdiniz. Farkl\u0131 olaylarda da bunu yeniden g\u00f6sterin. D\u00fc\u015fman\u0131 umutsuzlu\u011fa s\u00fcr\u00fckleyin. D\u00fc\u015fman umutsuz olmazsa bir millet s\u00fcrekli bask\u0131 ve rahats\u0131zl\u0131\u011fa maruz kal\u0131r. D\u00fc\u015fman\u0131n umudunu k\u0131rmak gerekir.&quot;<\/p>\n<p>ERAK\u00c7\u0130&#x27;DEN &#x27;G\u00dcVENS\u0130ZL\u0130K VURGUSU&#x27;<\/p>\n<p>Fars Haber Ajans\u0131&#x27;na g\u00f6re, Erak\u00e7i, \u0130ran&#x27;daki devrimin 47&#x27;nci y\u0131l d\u00f6n\u00fcm\u00fc m\u00fcnasebetiyle d\u00fczenlenen t\u00f6rende Tahran&#x27;daki b\u00fcy\u00fckel\u00e7ilere hitap etti.<\/p>\n<p>Erak\u00e7i, &quot;ABD&#x27;nin ge\u00e7mi\u015fteki hatta bir y\u0131l i\u00e7erisindeki tutumu nedeniyle b\u00fcy\u00fck bir g\u00fcvensizlik duvar\u0131 olu\u015ftu. Bir y\u0131l \u00f6nce de m\u00fczakere s\u00fcrecindeydik ki ABD bize sald\u0131rd\u0131. M\u00fczakerelerde ilerleme kaydedilebilmesi i\u00e7in g\u00fcvenin olu\u015fmas\u0131n\u0131 umut ediyorum.&quot; dedi.<\/p>\n<p>Diplomasinin sava\u015fa ve sald\u0131r\u0131lara \u00fcst\u00fcn gelmesini temenni eden Erak\u00e7i, \u0130ran&#x27;\u0131n politikas\u0131n\u0131n kom\u015fularla yak\u0131n i\u015fbirli\u011fi oldu\u011funu vurgulayarak, b\u00f6lgesel bar\u0131\u015f, istikrar ve gerilimin azalt\u0131lmas\u0131 i\u00e7in \u00e7al\u0131\u015fmaya devam edeceklerini s\u00f6yledi.<\/p>\n<p>Erak\u00e7i, Haziran 2025&#x27;teki 12 g\u00fcn sava\u015f\u0131 ile 28 Aral\u0131k 2025&#x27;te ba\u015flayan ve yakla\u015f\u0131k 10 g\u00fcn s\u00fcren g\u00f6steriler s\u0131ras\u0131nda ya\u015fanan kriz ve internet kesintileri nedeniyle kar\u015f\u0131la\u015ft\u0131klar\u0131 zorluklardan \u00f6t\u00fcr\u00fc yabanc\u0131 misyon \u015feflerinden \u00f6z\u00fcr diledi.<\/p>\n<p>UMMAN \u0130LE TEMASLAR S\u00dcR\u00dcYOR<\/p>\n<p>\u0130ran Ulusal G\u00fcvenlik Y\u00fcksek Konseyi Genel Sekreteri Ali Laricani, yar\u0131n Tahran ile Washington aras\u0131nda 6 \u015eubat&#x27;taki m\u00fczakerelere ev sahipli\u011fi yapan Umman&#x27;a gidecek.<\/p>\n<p>Laricani&#x27;nin, Umman Sultanl\u0131\u011f\u0131 \u00fcst d\u00fczey yetkilileriyle yapaca\u011f\u0131 g\u00f6r\u00fc\u015fmelerde b\u00f6lgesel ve uluslararas\u0131 geli\u015fmeler ile ikili i\u015fbirli\u011finin ele al\u0131naca\u011f\u0131 ifade edildi. Erak\u00e7i de ABD ile m\u00fczakerelerden \u00f6nce Ummanl\u0131 mevkida\u015f\u0131yla bir araya gelmi\u015fti. \u0130ran Ulusal G\u00fcvenlik Y\u00fcksek Konseyi Genel Sekreteri Ali Laricani<\/p>\n<p>N\u00dcKLEER G\u00d6R\u00dc\u015eMELER<\/p>\n<p>\u0130ran ile ABD aras\u0131nda, Haziran 2025&#x27;te \u0130srail ve ABD&#x27;nin \u0130ran&#x27;a sald\u0131r\u0131lar\u0131 sonras\u0131nda kesintiye u\u011frayan n\u00fckleer g\u00f6r\u00fc\u015fmeler, Umman&#x27;da 6 \u015eubat&#x27;ta yeniden yap\u0131lm\u0131\u015ft\u0131.<\/p>\n<p>M\u00fczakerelerde \u0130ran heyetine D\u0131\u015fi\u015fleri Bakan\u0131 Abbas Erak\u00e7i ba\u015fkanl\u0131k ederken, ABD&#x27;yi Ba\u015fkan Donald Trump&#x27;\u0131n Orta Do\u011fu \u00d6zel Temsilcisi Steve Witkoff temsil etmi\u015fti.<\/p>\n<p>M\u00fczakereler, Tahran-Washington aras\u0131nda tansiyonun yeniden y\u00fckseldi\u011fi, Washington&#x27;un Tahran&#x27;a kar\u015f\u0131 b\u00f6lgede askeri y\u0131\u011f\u0131na\u011f\u0131n\u0131 art\u0131rd\u0131\u011f\u0131 bir d\u00f6nemde ger\u00e7ekle\u015fmi\u015fti.<\/p>\n<p>Yurtd\u0131\u015f\u0131nda ya\u015fanan en son olaylar, d\u00fcnya g\u00fcndemine oturan d\u0131\u015f haberler, son dakika d\u00fcnya haberleri, di\u011fer d\u00fcnya \u00fclkelerinden g\u00fcncel haberler i\u00e7in T\u00fcrkiye&#x27;nin haber sitesi hurriyet.com.tr; Hurriyet.com.tr haber i\u00e7erikleri kaynak g\u00f6sterilmeden al\u0131nt\u0131 yap\u0131lamaz, Kanuna ayk\u0131r\u0131 ve izinsiz olarak kopyalanamaz, ba\u015fka yerde yay\u0131nlanamaz.<\/p>\n","protected":false},"excerpt":{"rendered":"<p>\u0130ran lideri Ali Hamaney, \u00fclke d\u00fc\u015fmanlar\u0131n\u0131n devrimden \u00f6nceki \u0130ran g\u00fcnlerine \u00f6zlem duyduklar\u0131n\u0131 belirterek, bu umudun k\u0131r\u0131lmas\u0131 gerekti\u011fini belirtti. \u0130ran&#8230;<\/p>\n","protected":false},"author":2,"featured_media":353,"comment_status":"open","ping_status":"open","sticky":false,"template":"","format":"standard","meta":{"footnotes":""},"categories":[8,3],"tags":[],"class_list":["post-354","post","type-post","status-publish","format-standard","has-post-thumbnail","hentry","category-arsiv","category-siyaset"],"_links":{"self":[{"href":"https:\/\/eskigazeteci.com\/index.php?rest_route=\/wp\/v2\/posts\/354","targetHints":{"allow":["GET"]}}],"collection":[{"href":"https:\/\/eskigazeteci.com\/index.php?rest_route=\/wp\/v2\/posts"}],"about":[{"href":"https:\/\/eskigazeteci.com\/index.php?rest_route=\/wp\/v2\/types\/post"}],"author":[{"embeddable":true,"href":"https:\/\/eskigazeteci.com\/index.php?rest_route=\/wp\/v2\/users\/2"}],"replies":[{"embeddable":true,"href":"https:\/\/eskigazeteci.com\/index.php?rest_route=%2Fwp%2Fv2%2Fcomments&post=354"}],"version-history":[{"count":0,"href":"https:\/\/eskigazeteci.com\/index.php?rest_route=\/wp\/v2\/posts\/354\/revisions"}],"wp:featuredmedia":[{"embeddable":true,"href":"https:\/\/eskigazeteci.com\/index.php?rest_route=\/wp\/v2\/media\/353"}],"wp:attachment":[{"href":"https:\/\/eskigazeteci.com\/index.php?rest_route=%2Fwp%2Fv2%2Fmedia&parent=354"}],"wp:term":[{"taxonomy":"category","embeddable":true,"href":"https:\/\/eskigazeteci.com\/index.php?rest_route=%2Fwp%2Fv2%2Fcategories&post=354"},{"taxonomy":"post_tag","embeddable":true,"href":"https:\/\/eskigazeteci.com\/index.php?rest_route=%2Fwp%2Fv2%2Ftags&post=354"}],"curies":[{"name":"wp","href":"https:\/\/api.w.org\/{rel}","templated":true}]}}