{"id":352,"date":"2026-02-09T13:13:34","date_gmt":"2026-02-09T13:13:34","guid":{"rendered":"https:\/\/eskigazeteci.com\/?p=352"},"modified":"2026-02-09T13:13:34","modified_gmt":"2026-02-09T13:13:34","slug":"haber-151","status":"publish","type":"post","link":"https:\/\/eskigazeteci.com\/?p=352","title":{"rendered":"Haber"},"content":{"rendered":"<p>Olay, 8 \u015eubat saat 18.00 s\u0131ralar\u0131nda Dumlup\u0131nar Mahallesi Mehmet Cevdet Anday Sokak&#x27;ta meydana geldi. Edinilen bilgiye g\u00f6re, el arabas\u0131yla sokaklardan ka\u011f\u0131t toplayan bir ki\u015fi, at\u0131k toplamak i\u00e7in girdi\u011fi in\u015faat halindeki binan\u0131n asans\u00f6r bo\u015flu\u011funda bir ki\u015finin hareketsiz yatt\u0131\u011f\u0131n\u0131 g\u00f6rd\u00fc. Ka\u011f\u0131t toplay\u0131c\u0131s\u0131n\u0131n ihbar\u0131 \u00fczerine olay yerine polis ve sa\u011fl\u0131k ekipleri sevk edildi. Polis ekipleri \u00e7evrede g\u00fcvenlik \u00f6nlemi al\u0131rken, sa\u011fl\u0131k ekipleri yerde yatan ki\u015finin hayat\u0131n\u0131 kaybetti\u011fini belirledi.<\/p>\n<p>Olay yerinde yap\u0131lan incelemelerde, hayat\u0131n\u0131 kaybeden ki\u015finin Meki Poyraz oldu\u011fu ve 6 katl\u0131 binan\u0131n 5&#x27;inci kat\u0131ndan asans\u00f6r bo\u015flu\u011funa d\u00fc\u015ft\u00fc\u011f\u00fc belirlendi. Olay yeri inceleme ekipleri ile savc\u0131n\u0131n \u00e7al\u0131\u015fmalar\u0131n\u0131n ard\u0131ndan Poyraz&#x27;\u0131n cenazesi Adli T\u0131p Kurumu morguna kald\u0131r\u0131ld\u0131. &#x27; \u015e\u00fcpheli \u00f6l\u00fcm &#x27; olarak de\u011ferlendirilen olayla ilgili \u00e7al\u0131\u015fmalar\u0131n s\u00fcrd\u00fc\u011f\u00fc \u00f6\u011frenildi.<\/p>\n<p>CENAZES\u0130 ADL\u0130 TIP&#x27;TAN ALINDI<\/p>\n<p>Adli T\u0131p Kurumu&#x27;ndaki otopsi i\u015flemleri tamamlanan Meki Poyraz &#x27;\u0131n cenazesi ailesi taraf\u0131ndan teslim al\u0131nd\u0131. Poyraz&#x27;\u0131n bug\u00fcn k\u0131l\u0131nacak cenaze namaz\u0131n\u0131n ard\u0131ndan Maltepe Ba\u015f\u0131b\u00fcy\u00fck Mezarl\u0131\u011f\u0131&#x27;nda defnedilece\u011fi \u00f6\u011frenildi.<\/p>\n<p>T\u00fcrkiye g\u00fcndeminden son dakika haberleri, bug\u00fcn ya\u015fanan en son geli\u015fmeler, siyaset g\u00fcndeminden g\u00fcncel haberler ve b\u00fct\u00fcn son dakika haberleri i\u00e7in H\u00fcrriyet&#x27;in internet haber sitesi hurriyet.com.tr; Hurriyet.com.tr haber i\u00e7erikleri kaynak g\u00f6sterilmeden al\u0131nt\u0131 yap\u0131lamaz, Kanuna ayk\u0131r\u0131 ve izinsiz olarak kopyalanamaz, ba\u015fka yerde yay\u0131nlanamaz.<\/p>\n","protected":false},"excerpt":{"rendered":"<p>\u0130stanbul Kad\u0131k\u00f6y&#8217;de 27 ya\u015f\u0131ndaki Meki Poyraz, metruk bir binan\u0131n asans\u00f6r bo\u015flu\u011funda ka\u011f\u0131t toplay\u0131c\u0131s\u0131 taraf\u0131ndan \u00f6l\u00fc buldu. &#8216;\u015e\u00fcpheli \u00f6l\u00fcm&#8217; olarak&#8230;<\/p>\n","protected":false},"author":2,"featured_media":351,"comment_status":"open","ping_status":"open","sticky":false,"template":"","format":"standard","meta":{"footnotes":""},"categories":[8,3],"tags":[],"class_list":["post-352","post","type-post","status-publish","format-standard","has-post-thumbnail","hentry","category-arsiv","category-siyaset"],"_links":{"self":[{"href":"https:\/\/eskigazeteci.com\/index.php?rest_route=\/wp\/v2\/posts\/352","targetHints":{"allow":["GET"]}}],"collection":[{"href":"https:\/\/eskigazeteci.com\/index.php?rest_route=\/wp\/v2\/posts"}],"about":[{"href":"https:\/\/eskigazeteci.com\/index.php?rest_route=\/wp\/v2\/types\/post"}],"author":[{"embeddable":true,"href":"https:\/\/eskigazeteci.com\/index.php?rest_route=\/wp\/v2\/users\/2"}],"replies":[{"embeddable":true,"href":"https:\/\/eskigazeteci.com\/index.php?rest_route=%2Fwp%2Fv2%2Fcomments&post=352"}],"version-history":[{"count":0,"href":"https:\/\/eskigazeteci.com\/index.php?rest_route=\/wp\/v2\/posts\/352\/revisions"}],"wp:featuredmedia":[{"embeddable":true,"href":"https:\/\/eskigazeteci.com\/index.php?rest_route=\/wp\/v2\/media\/351"}],"wp:attachment":[{"href":"https:\/\/eskigazeteci.com\/index.php?rest_route=%2Fwp%2Fv2%2Fmedia&parent=352"}],"wp:term":[{"taxonomy":"category","embeddable":true,"href":"https:\/\/eskigazeteci.com\/index.php?rest_route=%2Fwp%2Fv2%2Fcategories&post=352"},{"taxonomy":"post_tag","embeddable":true,"href":"https:\/\/eskigazeteci.com\/index.php?rest_route=%2Fwp%2Fv2%2Ftags&post=352"}],"curies":[{"name":"wp","href":"https:\/\/api.w.org\/{rel}","templated":true}]}}