{"id":350,"date":"2026-02-09T13:13:33","date_gmt":"2026-02-09T13:13:33","guid":{"rendered":"https:\/\/eskigazeteci.com\/?p=350"},"modified":"2026-02-09T13:13:33","modified_gmt":"2026-02-09T13:13:33","slug":"haber-150","status":"publish","type":"post","link":"https:\/\/eskigazeteci.com\/?p=350","title":{"rendered":"Haber"},"content":{"rendered":"<p>IOM&#x27;un konuya ili\u015fkin yaz\u0131l\u0131 a\u00e7\u0131klamas\u0131nda, &quot;Libya a\u00e7\u0131klar\u0131nda (d\u00fczensiz g\u00f6\u00e7menleri ta\u015f\u0131yan) g\u00f6\u00e7men teknesinin alabora olmas\u0131 sonucu 53 ki\u015fi hayat\u0131n\u0131 kaybetti veya kayboldu. Bunlar aras\u0131nda 2 bebek de bulunuyor.&quot; denildi.<\/p>\n<p>Teknenin, 6 \u015eubat&#x27;ta Libya&#x27;n\u0131n Zuvare kentinin kuzeyinde alabora oldu\u011fu belirtilen a\u00e7\u0131klamada, Libya yetkililerinin arama kurtarma operasyonunda sadece 2 Nijeryal\u0131 kad\u0131n\u0131n kurtar\u0131ld\u0131\u011f\u0131 aktar\u0131ld\u0131.<\/p>\n<p>A\u00e7\u0131klamada, &quot;Orta Akdeniz rotas\u0131nda bir ba\u015fka \u00f6l\u00fcmc\u00fcl olaydaki can kay\u0131plar\u0131ndan dolay\u0131 derin \u00fcz\u00fcnt\u00fc duyuyoruz. IOM ekipleri, ilgili makamlarla koordinasyon i\u00e7inde, karaya \u00e7\u0131kan iki kurtulana acil t\u0131bbi m\u00fcdahalede bulundu.&quot; ifadeleri kullan\u0131ld\u0131.<\/p>\n<p>Sadece ocak ay\u0131nda, a\u015f\u0131r\u0131 hava ko\u015fullar\u0131 alt\u0131nda Orta Akdeniz&#x27;de meydana gelen \u00e7ok say\u0131da &quot;g\u00f6r\u00fcnmez&quot; tekne kazas\u0131 sonucu en az 375 g\u00f6\u00e7menin \u00f6ld\u00fc\u011f\u00fcn\u00fcn veya kayboldu\u011funun bildirildi\u011fi a\u00e7\u0131klamada, y\u00fczlerce \u00f6l\u00fcm\u00fcn ise kay\u0131tlara ge\u00e7medi\u011finin tahmin edildi\u011fi vurguland\u0131.<\/p>\n<p>A\u00e7\u0131klamada, &quot;Bu tekrarlanan olaylar, tehlikeli ge\u00e7i\u015fi denemeye \u00e7al\u0131\u015fan g\u00f6\u00e7men ve m\u00fcltecilerin kar\u015f\u0131 kar\u015f\u0131ya kald\u0131\u011f\u0131 s\u00fcrekli ve \u00f6l\u00fcmc\u00fcl risklerin alt\u0131n\u0131 \u00e7iziyor. IOM&#x27;un Kay\u0131p G\u00f6\u00e7menler Projesi&#x27;ne g\u00f6re, 2025&#x27;te Orta Akdeniz&#x27;de 1300&#x27;den fazla g\u00f6\u00e7men kayboldu. Son olayla birlikte 2026&#x27;da bu g\u00fczergahta \u00f6l\u00fc veya kay\u0131p olarak bildirilen g\u00f6\u00e7men say\u0131s\u0131 en az 484&#x27;e ula\u015ft\u0131.&quot; ifadelerine yer verildi.<\/p>\n<p>Yurtd\u0131\u015f\u0131nda ya\u015fanan en son olaylar, d\u00fcnya g\u00fcndemine oturan d\u0131\u015f haberler, son dakika d\u00fcnya haberleri, di\u011fer d\u00fcnya \u00fclkelerinden g\u00fcncel haberler i\u00e7in T\u00fcrkiye&#x27;nin haber sitesi hurriyet.com.tr; Hurriyet.com.tr haber i\u00e7erikleri kaynak g\u00f6sterilmeden al\u0131nt\u0131 yap\u0131lamaz, Kanuna ayk\u0131r\u0131 ve izinsiz olarak kopyalanamaz, ba\u015fka yerde yay\u0131nlanamaz.<\/p>\n","protected":false},"excerpt":{"rendered":"<p>Birle\u015fmi\u015f Milletler (BM) Uluslararas\u0131 G\u00f6\u00e7 \u00d6rg\u00fct\u00fc (IOM), 6 \u015eubat&#8217;ta Libya a\u00e7\u0131klar\u0131nda d\u00fczensiz g\u00f6\u00e7menleri ta\u015f\u0131yan bir teknenin alabora olmas\u0131 nedeniyle 53&#8230;<\/p>\n","protected":false},"author":2,"featured_media":349,"comment_status":"open","ping_status":"open","sticky":false,"template":"","format":"standard","meta":{"footnotes":""},"categories":[8,3],"tags":[],"class_list":["post-350","post","type-post","status-publish","format-standard","has-post-thumbnail","hentry","category-arsiv","category-siyaset"],"_links":{"self":[{"href":"https:\/\/eskigazeteci.com\/index.php?rest_route=\/wp\/v2\/posts\/350","targetHints":{"allow":["GET"]}}],"collection":[{"href":"https:\/\/eskigazeteci.com\/index.php?rest_route=\/wp\/v2\/posts"}],"about":[{"href":"https:\/\/eskigazeteci.com\/index.php?rest_route=\/wp\/v2\/types\/post"}],"author":[{"embeddable":true,"href":"https:\/\/eskigazeteci.com\/index.php?rest_route=\/wp\/v2\/users\/2"}],"replies":[{"embeddable":true,"href":"https:\/\/eskigazeteci.com\/index.php?rest_route=%2Fwp%2Fv2%2Fcomments&post=350"}],"version-history":[{"count":0,"href":"https:\/\/eskigazeteci.com\/index.php?rest_route=\/wp\/v2\/posts\/350\/revisions"}],"wp:featuredmedia":[{"embeddable":true,"href":"https:\/\/eskigazeteci.com\/index.php?rest_route=\/wp\/v2\/media\/349"}],"wp:attachment":[{"href":"https:\/\/eskigazeteci.com\/index.php?rest_route=%2Fwp%2Fv2%2Fmedia&parent=350"}],"wp:term":[{"taxonomy":"category","embeddable":true,"href":"https:\/\/eskigazeteci.com\/index.php?rest_route=%2Fwp%2Fv2%2Fcategories&post=350"},{"taxonomy":"post_tag","embeddable":true,"href":"https:\/\/eskigazeteci.com\/index.php?rest_route=%2Fwp%2Fv2%2Ftags&post=350"}],"curies":[{"name":"wp","href":"https:\/\/api.w.org\/{rel}","templated":true}]}}