{"id":346,"date":"2026-02-09T13:13:31","date_gmt":"2026-02-09T13:13:31","guid":{"rendered":"https:\/\/eskigazeteci.com\/?p=346"},"modified":"2026-02-09T13:13:31","modified_gmt":"2026-02-09T13:13:31","slug":"haber-148","status":"publish","type":"post","link":"https:\/\/eskigazeteci.com\/?p=346","title":{"rendered":"Haber"},"content":{"rendered":"<p>Projeye yap\u0131lacak katk\u0131ya ili\u015fkin protokol, Erzurum Valisi Mustafa \u00c7ift\u00e7i, Erzurum \u0130l Milli E\u011fitim M\u00fcd\u00fcr\u00fc S\u00fcleyman Ekici, Murat \u00dclker ile Y\u0131ld\u0131z Holding Y\u00f6netim Kurulu \u00dcyesi \u0130brahim Ta\u015fk\u0131n\u2019\u0131n kat\u0131l\u0131m\u0131yla Erzurum Valili\u011fi\u2019nde imzaland\u0131. Protokol kapsam\u0131nda Holding, Erzurum\u2019un merkez il\u00e7elerinden Yakutiye\u2019de, Mill\u00ee E\u011fitim Bakanl\u0131\u011f\u0131\u2019nca belirlenen binan\u0131n proje kapsam\u0131nda renovasyonla e\u011fitime kazand\u0131r\u0131lmas\u0131n\u0131 \u00fcstlenecek. Holding ayr\u0131ca, okulun bulundu\u011fu alanda 100 k\u0131z ve 100 erkek \u00f6\u011frenci kapasiteli yurt binas\u0131 in\u015fa edilmesini sa\u011flayacak. Mill\u00ee E\u011fitim Bakanl\u0131\u011f\u0131\u2019n\u0131n T\u00fcrkiye genelinde hayata ge\u00e7irdi\u011fi tematik gastronomi liseleri a\u011f\u0131n\u0131n bir par\u00e7as\u0131 olacak olan \u00dclker Gastronomi Mesleki ve Teknik Anadolu Lisesi\u2019nde e\u011fitimin 2026 \u2013 2027 E\u011fitim \u2013 \u00d6\u011fretim Y\u0131l\u0131\u2019nda ba\u015flamas\u0131 hedefleniyor.<\/p>\n<p>2025 y\u0131l\u0131 may\u0131s ay\u0131nda Cumhurba\u015fkan\u0131 Recep Tayyip Erdo\u011fan\u2019\u0131n e\u015fi Emine Erdo\u011fan\u2019\u0131n himayelerinde, Mill\u00ee E\u011fitim Bakan\u0131 Yusuf Tekin\u2019in liderli\u011finde ba\u015flat\u0131lan Gastronomi Liseleri Projesi gastronomiyi yaln\u0131zca mutfak prati\u011fiyle s\u0131n\u0131rlamayan, co\u011frafya, tar\u0131m, tarih ve k\u00fclt\u00fcrel mirasla birlikte ele alan b\u00fct\u00fcnc\u00fcl bir e\u011fitim yakla\u015f\u0131m\u0131n\u0131 temel al\u0131yor.<\/p>\n<p>Murat \u00dclker, Mill\u00ee E\u011fitim Bakanl\u0131\u011f\u0131 taraf\u0131ndan T\u00fcrkiye\u2019nin yedi co\u011frafi b\u00f6lgesinde hayata ge\u00e7irilen ve Anadolu\u2019nun binlerce y\u0131ll\u0131k mutfak miras\u0131n\u0131 gelece\u011fe ta\u015f\u0131yacak nitelikli gen\u00e7lerin yeti\u015ftirilmesini ama\u00e7layan Gastronomi Liseleri projesine destek vermenin mutlulu\u011fu i\u00e7inde olduklar\u0131n\u0131 belirterek, \u015f\u00f6yle konu\u015ftu: \u201cKurucumuz Sabri \u00dclker\u2019in bizlere emanet etti\u011fi de\u011ferlerin ba\u015f\u0131nda toplum i\u00e7in \u00e7al\u0131\u015fmak geliyor. Sabri \u00dclker, e\u011fitime ve bilime b\u00fcy\u00fck k\u0131ymet verirdi. Biz de onun izinde e\u011fitimi desteklemeyi ve topluma fayda sa\u011flamay\u0131 ana i\u015fimizin yan\u0131nda en b\u00fcy\u00fck sorumluluk olarak g\u00f6r\u00fcyoruz. Kurumsal DNA\u2019m\u0131zda yer alan Mutlu Et, Mutlu Ol felsefemiz ile de topluma de\u011fer katan i\u015flerde \u00f6nc\u00fc olmay\u0131 ama\u00e7l\u0131yoruz. Mill\u00ee E\u011fitim Bakanl\u0131\u011f\u0131m\u0131z ile bug\u00fcne dek \u00e7ok ba\u015far\u0131l\u0131 ve uzun soluklu projeleri hayata ge\u00e7irdik. Sabri \u00dclker Vakf\u0131m\u0131z\u0131n Bakanl\u0131\u011f\u0131m\u0131z ile y\u00fcr\u00fctt\u00fc\u011f\u00fc Yemekte Denge projemiz ile 6 milyonu a\u015fk\u0131n \u00e7ocuk, ebeveyn ve \u00f6\u011fretmene ula\u015ft\u0131k. Bug\u00fcn imzalad\u0131\u011f\u0131m\u0131z protokol ile gastronomi alan\u0131nda nitelikli gen\u00e7lerin yeti\u015fmesine imk\u00e2n tan\u0131yacak Gastronomi Lisesi ve yurdunu da hayata ge\u00e7irece\u011fimizin imzas\u0131n\u0131 att\u0131k. Mill\u00ee E\u011fitim Bakanl\u0131\u011f\u0131m\u0131za bu k\u0131ymetli projeyi ba\u015flatt\u0131klar\u0131 ve destek\u00e7isi olma f\u0131rsat\u0131n\u0131 sunduklar\u0131 i\u00e7in te\u015fekk\u00fcr ediyorum. Mutfak k\u00fclt\u00fcr\u00fcm\u00fcz\u00fcn gelecek ku\u015faklara aktar\u0131lmas\u0131na katk\u0131 sunacak Gastronomi Liseleri Projesi \u2019nde g\u0131da \u015firketlerimizden biri olan \u00dclker\u2019le yer almak bizim i\u00e7in \u00e7ok k\u0131ymetli. Anadolu\u2019nun zengin mutfak miras\u0131n\u0131 ya\u015fatacak bu k\u0131ymetli e\u011fitim projesinin, ayn\u0131 sofra etraf\u0131nda bulu\u015fma ve birlikte \u00fcretme gelene\u011fimizi gen\u00e7lere aktarma a\u00e7\u0131s\u0131ndan da b\u00fcy\u00fck rol \u00fcstlenece\u011fine inan\u0131yorum. Gen\u00e7lerimizi \u00e7a\u011f\u0131n gerektirdi\u011fi bilgi ve becerilerle donatacak her e\u011fitim yat\u0131r\u0131m\u0131n\u0131n, toplumsal kalk\u0131nmaya uzun vadeli katk\u0131 anlam\u0131na geldi\u011fi inanc\u0131yla, Gastronomi Liseleri projesinin hem k\u00fclt\u00fcr hem de e\u011fitim ekseninde kal\u0131c\u0131 bir a\u011f olu\u015fturmas\u0131n\u0131 temenni ediyorum.\u201d<\/p>\n<p>T\u00fcrkiye&#x27;den ve D\u00fcnya\u2019dan son dakika haberleri, k\u00f6\u015fe yaz\u0131lar\u0131, magazinden siyasete, spordan seyahate b\u00fct\u00fcn konular\u0131n tek adresi Hurriyet.com.tr haber i\u00e7erikleri izin al\u0131nmadan, kaynak g\u00f6sterilerek dahi iktibas edilemez. Kanuna ayk\u0131r\u0131 ve izinsiz olarak kopyalanamaz, ba\u015fka yerde yay\u0131nlanamaz.<\/p>\n","protected":false},"excerpt":{"rendered":"<p>Y\u0131ld\u0131z Holding, Mill\u00ee E\u011fitim Bakanl\u0131\u011f\u0131\u2019nca, Anadolu\u2019nun k\u00f6kl\u00fc gastronomi miras\u0131n\u0131 gelece\u011fe e\u011fitimle ta\u015f\u0131ma hedefiyle ba\u015flat\u0131lan Gastronomi Liseleri&#8230;<\/p>\n","protected":false},"author":2,"featured_media":345,"comment_status":"open","ping_status":"open","sticky":false,"template":"","format":"standard","meta":{"footnotes":""},"categories":[8,3],"tags":[],"class_list":["post-346","post","type-post","status-publish","format-standard","has-post-thumbnail","hentry","category-arsiv","category-siyaset"],"_links":{"self":[{"href":"https:\/\/eskigazeteci.com\/index.php?rest_route=\/wp\/v2\/posts\/346","targetHints":{"allow":["GET"]}}],"collection":[{"href":"https:\/\/eskigazeteci.com\/index.php?rest_route=\/wp\/v2\/posts"}],"about":[{"href":"https:\/\/eskigazeteci.com\/index.php?rest_route=\/wp\/v2\/types\/post"}],"author":[{"embeddable":true,"href":"https:\/\/eskigazeteci.com\/index.php?rest_route=\/wp\/v2\/users\/2"}],"replies":[{"embeddable":true,"href":"https:\/\/eskigazeteci.com\/index.php?rest_route=%2Fwp%2Fv2%2Fcomments&post=346"}],"version-history":[{"count":0,"href":"https:\/\/eskigazeteci.com\/index.php?rest_route=\/wp\/v2\/posts\/346\/revisions"}],"wp:featuredmedia":[{"embeddable":true,"href":"https:\/\/eskigazeteci.com\/index.php?rest_route=\/wp\/v2\/media\/345"}],"wp:attachment":[{"href":"https:\/\/eskigazeteci.com\/index.php?rest_route=%2Fwp%2Fv2%2Fmedia&parent=346"}],"wp:term":[{"taxonomy":"category","embeddable":true,"href":"https:\/\/eskigazeteci.com\/index.php?rest_route=%2Fwp%2Fv2%2Fcategories&post=346"},{"taxonomy":"post_tag","embeddable":true,"href":"https:\/\/eskigazeteci.com\/index.php?rest_route=%2Fwp%2Fv2%2Ftags&post=346"}],"curies":[{"name":"wp","href":"https:\/\/api.w.org\/{rel}","templated":true}]}}