{"id":342,"date":"2026-02-09T12:53:32","date_gmt":"2026-02-09T12:53:32","guid":{"rendered":"https:\/\/eskigazeteci.com\/?p=342"},"modified":"2026-02-09T12:53:32","modified_gmt":"2026-02-09T12:53:32","slug":"haber-146","status":"publish","type":"post","link":"https:\/\/eskigazeteci.com\/?p=342","title":{"rendered":"Haber"},"content":{"rendered":"<p>Sheikhali, Ankara&#x27;da bir otelde Milli \u0130stihbarat Akademisi (M\u0130A) taraf\u0131ndan d\u00fczenlenen &quot;T\u00fcrkiye Afrika Stratejik Diyalo\u011fu&quot; ba\u015fl\u0131kl\u0131 program kapsam\u0131nda bas\u0131n mensuplar\u0131n\u0131n sorular\u0131n\u0131 yan\u0131tlad\u0131.<\/p>\n<p>\u0130srail&#x27;in Somaliland&#x27;i tan\u0131mas\u0131na ili\u015fkin soruya Sheikhali, &quot;\u0130srail&#x27;in (Somaliland&#x27;i) tan\u0131mas\u0131 ihlaldir. \u00d6ncelikle, uluslararas\u0131 hukukun ve uluslararas\u0131 normlar\u0131n ihlalidir. \u0130srail&#x27;in uluslararas\u0131 hukuka ve uluslararas\u0131 normlara sayg\u0131 duymad\u0131\u011f\u0131n\u0131 g\u00f6steriyor.&quot; yan\u0131t\u0131n\u0131 verdi.<\/p>\n<p>Sheikhali, bunun sadece Somali&#x27;de olmad\u0131\u011f\u0131na, y\u0131llar boyunca \u0130srail&#x27;in benzer ihlalleri ger\u00e7ekle\u015ftirdi\u011fine i\u015faret etti. \u00dclkesinin tek, birle\u015fik, egemen ve ba\u011f\u0131ms\u0131z oldu\u011funu s\u00f6yleyen Sheikhali, &quot;Biz Somali halk\u0131 olarak kendimizi ihlal edilmi\u015f hissediyoruz, biz ne istediklerini biliyoruz, Somali&#x27;yi b\u00f6lmek istiyorlar. Bu \u00e7ok eski bir taktik, b\u00f6l ve y\u00f6net takti\u011fi.&quot; diye konu\u015ftu.<\/p>\n<p>Sheikhali, &quot;T\u00fcrkiye ve di\u011fer uluslararas\u0131 dostlar\u0131m\u0131z gibi, bu \u00f6zel anda bize yard\u0131m eden, Somali&#x27;nin toprak b\u00fct\u00fcnl\u00fc\u011f\u00fcne, birli\u011fine ve siyasi ba\u011f\u0131ms\u0131zl\u0131\u011f\u0131na desteklerini yeniden teyit eden dostlar\u0131m\u0131z oldu\u011fu i\u00e7in \u015fansl\u0131y\u0131z. T\u00fcrkiye bu konuda \u00f6nc\u00fc oldu ve onlar\u0131n rol\u00fcn\u00fc ger\u00e7ekten takdir ediyoruz.&quot; dedi.<\/p>\n<p>2024&#x27;TE YAPILAN ANLA\u015eMA<\/p>\n<p>Somali&#x27;nin ter\u00f6rle m\u00fccadelesinde T\u00fcrkiye&#x27;nin rol\u00fcne ili\u015fkin konu\u015fan Sheikhali, savunma alan\u0131nda T\u00fcrkiye ile Somali aras\u0131nda 2024&#x27;te imzalanan anla\u015fmay\u0131 hat\u0131rlatt\u0131.<\/p>\n<p>Sheikhali, &quot;T\u00fcrkiye, yapt\u0131\u011f\u0131 anla\u015fmaya sad\u0131k kalarak, ter\u00f6rizmle m\u00fccadele etmek i\u00e7in Somali&#x27;ye en yeni ekipmanlar\u0131 ve sava\u015f u\u00e7aklar\u0131n\u0131 getirdi. Bu da bize, bildi\u011fimiz gibi, T\u00fcrklerin taahh\u00fcd\u00fcn\u00fcn sadece s\u00f6zde kalmad\u0131\u011f\u0131n\u0131, eyleme de ge\u00e7ildi\u011fini g\u00f6sterir.&quot; diye konu\u015ftu.<\/p>\n<p>Somali halk\u0131n\u0131n, T\u00fcrkiye&#x27;den g\u00f6nderilen &quot;sava\u015f u\u00e7aklar\u0131n\u0131n g\u00fcr\u00fclt\u00fcs\u00fcyle uyand\u0131\u011f\u0131n\u0131&quot; belirten Sheikhali, u\u00e7aklar\u0131 g\u00f6rd\u00fcklerinde mutlu olduklar\u0131n\u0131 ve uzun zamand\u0131r b\u00f6yle ses duymad\u0131klar\u0131n\u0131 dile getirdi.<\/p>\n<p>Sheikhali, &quot;Somali halk\u0131 ilk defa stratejik ortakl\u0131\u011f\u0131n sadece insani yard\u0131m ve kalk\u0131nma ile ilgili olmad\u0131\u011f\u0131n\u0131, ayn\u0131 zamanda savunma ve Somali \u00fclkesi i\u00e7in de \u00f6nemli oldu\u011funu anl\u0131yor.&quot; ifadesini kulland\u0131.<\/p>\n<p>&quot;T\u00dcRK\u0130YE, ZOR ZAMANLARDA SOMAL\u0130&#x27;N\u0130N YANINDAYDI&quot;<\/p>\n<p>T\u00fcrkiye-Somali ili\u015fkilerine de\u011finen Sheikhali, Cumhurba\u015fkan\u0131 Recep Tayyip Erdo\u011fan&#x27;\u0131n 2011&#x27;de Somali&#x27;ye ger\u00e7ekle\u015ftirdi\u011fi ziyarete de\u011finerek, bu ziyareti &quot;tarihi&quot; olarak nitelendirdi.<\/p>\n<p>S\u00f6z konusu ziyaretten \u00f6nce kimsenin Somali&#x27;ye gelmeye cesaret edemedi\u011fini belirten Sheikhali, T\u00fcrk Hava Yollar\u0131 (THY) ile iki \u00fclke aras\u0131nda ba\u011f kuruldu\u011funu s\u00f6yledi.<\/p>\n<p>\u0130ki \u00fclke ili\u015fkilerinin geli\u015fti\u011fine ve zor zamanlarda T\u00fcrkiye&#x27;nin Somali&#x27;nin yan\u0131nda oldu\u011funa i\u015faret eden Sheikhali, &quot;Somali&#x27;de roket f\u0131rlatma rampalar\u0131 kuracak kadar kendilerine g\u00fcvenliler, orada kendi \u00fcslerini kurabilirler \u00e7\u00fcnk\u00fc g\u00fcvenlik ortam\u0131 \u00e7ok geli\u015fti.&quot; ifadesini kulland\u0131.<\/p>\n<p>Sheikhali, bu geli\u015fmelerin, T\u00fcrkiye&#x27;nin ve Somali&#x27;nin birbirine fayda sa\u011flayabilece\u011fi anlam\u0131na geldi\u011finin alt\u0131n\u0131 \u00e7izerek, iki \u00fclke aras\u0131nda b\u00fcy\u00fck potansiyel oldu\u011funu vurgulad\u0131.<\/p>\n<p>Yurtd\u0131\u015f\u0131nda ya\u015fanan en son olaylar, d\u00fcnya g\u00fcndemine oturan d\u0131\u015f haberler, son dakika d\u00fcnya haberleri, di\u011fer d\u00fcnya \u00fclkelerinden g\u00fcncel haberler i\u00e7in T\u00fcrkiye&#x27;nin haber sitesi hurriyet.com.tr; Hurriyet.com.tr haber i\u00e7erikleri kaynak g\u00f6sterilmeden al\u0131nt\u0131 yap\u0131lamaz, Kanuna ayk\u0131r\u0131 ve izinsiz olarak kopyalanamaz, ba\u015fka yerde yay\u0131nlanamaz.<\/p>\n","protected":false},"excerpt":{"rendered":"<p>Somali Adalet ve Anayasal \u0130\u015fler Bakan\u0131 Hassan Moallin Muhamoud Sheikhali, \u0130srail&#8217;in Somaliland&#8217;i tan\u0131mas\u0131n\u0131n uluslararas\u0131 ihlal oldu\u011funu belirterek, T\u00fcrkiye&#8230;<\/p>\n","protected":false},"author":2,"featured_media":341,"comment_status":"open","ping_status":"open","sticky":false,"template":"","format":"standard","meta":{"footnotes":""},"categories":[8,3],"tags":[],"class_list":["post-342","post","type-post","status-publish","format-standard","has-post-thumbnail","hentry","category-arsiv","category-siyaset"],"_links":{"self":[{"href":"https:\/\/eskigazeteci.com\/index.php?rest_route=\/wp\/v2\/posts\/342","targetHints":{"allow":["GET"]}}],"collection":[{"href":"https:\/\/eskigazeteci.com\/index.php?rest_route=\/wp\/v2\/posts"}],"about":[{"href":"https:\/\/eskigazeteci.com\/index.php?rest_route=\/wp\/v2\/types\/post"}],"author":[{"embeddable":true,"href":"https:\/\/eskigazeteci.com\/index.php?rest_route=\/wp\/v2\/users\/2"}],"replies":[{"embeddable":true,"href":"https:\/\/eskigazeteci.com\/index.php?rest_route=%2Fwp%2Fv2%2Fcomments&post=342"}],"version-history":[{"count":0,"href":"https:\/\/eskigazeteci.com\/index.php?rest_route=\/wp\/v2\/posts\/342\/revisions"}],"wp:featuredmedia":[{"embeddable":true,"href":"https:\/\/eskigazeteci.com\/index.php?rest_route=\/wp\/v2\/media\/341"}],"wp:attachment":[{"href":"https:\/\/eskigazeteci.com\/index.php?rest_route=%2Fwp%2Fv2%2Fmedia&parent=342"}],"wp:term":[{"taxonomy":"category","embeddable":true,"href":"https:\/\/eskigazeteci.com\/index.php?rest_route=%2Fwp%2Fv2%2Fcategories&post=342"},{"taxonomy":"post_tag","embeddable":true,"href":"https:\/\/eskigazeteci.com\/index.php?rest_route=%2Fwp%2Fv2%2Ftags&post=342"}],"curies":[{"name":"wp","href":"https:\/\/api.w.org\/{rel}","templated":true}]}}