{"id":340,"date":"2026-02-09T12:43:36","date_gmt":"2026-02-09T12:43:36","guid":{"rendered":"https:\/\/eskigazeteci.com\/?p=340"},"modified":"2026-02-09T12:43:36","modified_gmt":"2026-02-09T12:43:36","slug":"haber-145","status":"publish","type":"post","link":"https:\/\/eskigazeteci.com\/?p=340","title":{"rendered":"Haber"},"content":{"rendered":"<p>AB Komisyonunun D\u0131\u015f \u0130li\u015fkiler S\u00f6zc\u00fcs\u00fc Anouar El Anouni, g\u00fcnl\u00fck bas\u0131n toplant\u0131s\u0131nda gazetecilerin sorular\u0131n\u0131 yan\u0131tlad\u0131.<\/p>\n<p>\u0130srail&#x27;in i\u015fgal alt\u0131ndaki Bat\u0131 \u015eeria&#x27;da Filistin y\u00f6netiminin kontrol\u00fcndeki b\u00f6lgelerde &quot;denetim ve kontrol faaliyetlerini&quot; art\u0131rma karar\u0131n\u0131n yine yanl\u0131\u015f y\u00f6nde bir ad\u0131m oldu\u011funu ifade eden El Anouni, bunun uluslararas\u0131 toplumun Gazze&#x27;de bar\u0131\u015f plan\u0131n\u0131 uygulamaya \u00e7al\u0131\u015f\u0131rken ger\u00e7ekle\u015fti\u011fine dikkati \u00e7ekti.<\/p>\n<p>El Anouni, AB&#x27;nin \u0130srail&#x27;in bu karar\u0131n\u0131 k\u0131nad\u0131\u011f\u0131n\u0131 belirterek, karar\u0131n ayn\u0131 zamanda dini alanlardaki stat\u00fckoyu da etkileyece\u011fi konusunda uyard\u0131.<\/p>\n<p>AB &#x27;nin \u0130srail&#x27;in i\u015fgal alt\u0131nda tuttu\u011fu topraklar \u00fczerindeki egemenli\u011fini tan\u0131mad\u0131\u011f\u0131n\u0131 an\u0131msatan El Anouni, ilhak\u0131n uluslararas\u0131 hukuk uyar\u0131nca da yasa d\u0131\u015f\u0131 oldu\u011funun alt\u0131n\u0131 \u00e7izdi.<\/p>\n<p>El Anouni, iki devletli \u00e7\u00f6z\u00fcm i\u00e7in uluslararas\u0131 ortaklarla \u00e7al\u0131\u015fmaya devam edilece\u011fini belirtti.<\/p>\n<p>&#x27;SAHADAK\u0130 GEL\u0130\u015eMELER\u0130 YAKINDAN TAK\u0130P ED\u0130YORUZ&#x27;<\/p>\n<p>\u0130srail&#x27;e y\u00f6nelik yapt\u0131r\u0131mlar\u0131n hala masada oldu\u011funa i\u015faret eden El Anouni, &quot;Sahadaki geli\u015fmeleri yak\u0131ndan takip ediyoruz.&quot; dedi.<\/p>\n<p>El Anouni, &quot;Yapt\u0131r\u0131mlara ili\u015fkin al\u0131nacak her t\u00fcrl\u00fc karar, sahada bar\u0131\u015f ve istikrar a\u00e7\u0131s\u0131ndan kaydedilen ilerlemeyi ya da ilerleme eksikli\u011fini yans\u0131tacakt\u0131r.&quot; ifadesini kulland\u0131.<\/p>\n<p>\u0130SRA\u0130L, BATI \u015eER\u0130A&#x27;YA BASKIYI ARTIRIYOR<\/p>\n<p>1995 tarihli \u0130kinci Oslo Anla\u015fmas\u0131&#x27;na g\u00f6re Bat\u0131 \u015eeria, tamamen Filistin y\u00f6netimindeki &quot;A B\u00f6lgesi&quot;, Filistin sivil idaresi ve \u0130srail g\u00fcvenlik kontrol\u00fcndeki &quot;B B\u00f6lgesi&quot; ile tamamen \u0130srail kontrol\u00fcndeki &quot;C B\u00f6lgesi&quot; olmak \u00fczere \u00fc\u00e7e ayr\u0131l\u0131yor. &quot;C B\u00f6lgesi&quot;, Bat\u0131 \u015eeria&#x27;n\u0131n yakla\u015f\u0131k y\u00fczde 61&#x27;ini kaps\u0131yor.<\/p>\n<p>\u0130srail g\u00fcvenlik kabinesinin, 8 \u015eubat&#x27;ta, i\u015fgal alt\u0131ndaki Bat\u0131 \u015eeria&#x27;da Filistin y\u00f6netiminin kontrol\u00fcndeki b\u00f6lgelerde \u0130srail&#x27;in &quot;denetim ve kontrol faaliyetlerini&quot; art\u0131ran bir dizi karar\u0131 onaylad\u0131\u011f\u0131 belirtilmi\u015fti.<\/p>\n<p>\u0130srail bas\u0131n\u0131nda yer alan haberlere g\u00f6re baz\u0131 kararlar, El Halil&#x27;deki mevcut d\u00fczenlemeleri de etkiliyor.<\/p>\n<p>Buna g\u00f6re, Harem-i \u0130brahim Camisi ve \u00e7evresindeki planlama ile in\u015faat yetkilerinin, 1997 El Halil Anla\u015fmas\u0131&#x27;na ayk\u0131r\u0131 \u015fekilde belediyeden al\u0131narak \u0130srail Sivil \u0130daresine ba\u011fl\u0131 kurumlara devredilmesi kararla\u015ft\u0131r\u0131ld\u0131.<\/p>\n<p>Birle\u015fmi\u015f Milletler ve uluslararas\u0131 toplum, Do\u011fu Kud\u00fcs dahil Bat\u0131 \u015eeria &#x27;y\u0131 i\u015fgal alt\u0131ndaki Filistin topra\u011f\u0131 olarak kabul ederken \u0130srail &#x27;in Yahudi yerle\u015fim faaliyetleri, uluslararas\u0131 hukuka g\u00f6re yasa d\u0131\u015f\u0131 say\u0131l\u0131yor.<\/p>\n<p>Yurtd\u0131\u015f\u0131nda ya\u015fanan en son olaylar, d\u00fcnya g\u00fcndemine oturan d\u0131\u015f haberler, son dakika d\u00fcnya haberleri, di\u011fer d\u00fcnya \u00fclkelerinden g\u00fcncel haberler i\u00e7in T\u00fcrkiye&#x27;nin haber sitesi hurriyet.com.tr; Hurriyet.com.tr haber i\u00e7erikleri kaynak g\u00f6sterilmeden al\u0131nt\u0131 yap\u0131lamaz, Kanuna ayk\u0131r\u0131 ve izinsiz olarak kopyalanamaz, ba\u015fka yerde yay\u0131nlanamaz.<\/p>\n","protected":false},"excerpt":{"rendered":"<p>Avrupa Birli\u011fi (AB), \u0130srail&#8217;in i\u015fgal alt\u0131ndaki Bat\u0131 \u015eeria&#8217;da Filistin y\u00f6netiminin kontrol\u00fcndeki b\u00f6lgelerde denetim ve kontrol faaliyetlerini art\u0131ran bir dizi&#8230;<\/p>\n","protected":false},"author":2,"featured_media":339,"comment_status":"open","ping_status":"open","sticky":false,"template":"","format":"standard","meta":{"footnotes":""},"categories":[8,3],"tags":[],"class_list":["post-340","post","type-post","status-publish","format-standard","has-post-thumbnail","hentry","category-arsiv","category-siyaset"],"_links":{"self":[{"href":"https:\/\/eskigazeteci.com\/index.php?rest_route=\/wp\/v2\/posts\/340","targetHints":{"allow":["GET"]}}],"collection":[{"href":"https:\/\/eskigazeteci.com\/index.php?rest_route=\/wp\/v2\/posts"}],"about":[{"href":"https:\/\/eskigazeteci.com\/index.php?rest_route=\/wp\/v2\/types\/post"}],"author":[{"embeddable":true,"href":"https:\/\/eskigazeteci.com\/index.php?rest_route=\/wp\/v2\/users\/2"}],"replies":[{"embeddable":true,"href":"https:\/\/eskigazeteci.com\/index.php?rest_route=%2Fwp%2Fv2%2Fcomments&post=340"}],"version-history":[{"count":0,"href":"https:\/\/eskigazeteci.com\/index.php?rest_route=\/wp\/v2\/posts\/340\/revisions"}],"wp:featuredmedia":[{"embeddable":true,"href":"https:\/\/eskigazeteci.com\/index.php?rest_route=\/wp\/v2\/media\/339"}],"wp:attachment":[{"href":"https:\/\/eskigazeteci.com\/index.php?rest_route=%2Fwp%2Fv2%2Fmedia&parent=340"}],"wp:term":[{"taxonomy":"category","embeddable":true,"href":"https:\/\/eskigazeteci.com\/index.php?rest_route=%2Fwp%2Fv2%2Fcategories&post=340"},{"taxonomy":"post_tag","embeddable":true,"href":"https:\/\/eskigazeteci.com\/index.php?rest_route=%2Fwp%2Fv2%2Ftags&post=340"}],"curies":[{"name":"wp","href":"https:\/\/api.w.org\/{rel}","templated":true}]}}