{"id":338,"date":"2026-02-09T12:43:35","date_gmt":"2026-02-09T12:43:35","guid":{"rendered":"https:\/\/eskigazeteci.com\/?p=338"},"modified":"2026-02-09T12:43:35","modified_gmt":"2026-02-09T12:43:35","slug":"haber-144","status":"publish","type":"post","link":"https:\/\/eskigazeteci.com\/?p=338","title":{"rendered":"Haber"},"content":{"rendered":"<p>Eski bir dizi oyuncusu olan ve ufak tefek rolleriyle elde etti\u011fi \u015f\u00f6hreti parlatmaya \u00e7al\u0131\u015f\u0131rken tan\u0131\u015f\u0131p a\u015f\u0131k oldu\u011fu Prens Harry\u2019yle evlenerek bu \u015f\u00f6hreti farkl\u0131 bir yoldan elde eden Meghan Markle ge\u00e7ti\u011fimiz ak\u015fam tek ba\u015f\u0131na bir davete kat\u0131ld\u0131.<\/p>\n<p>Meghan Markle , cumartesi gecesi Los Angeles&#x27;ta d\u00fczenlenen 2026 Fifteen Percent Pledge Ba\u011f\u0131\u015f Toplama Galas\u0131&#x27;na fazla \u0131\u015f\u0131lt\u0131 ve ihti\u015fam katt\u0131.<\/p>\n<p>Davete yan\u0131nda e\u015fi Prens Harry olmadan kat\u0131lan Sussex D\u00fc\u015fesi, Harbison Studio&#x27;dan Charles Harbison taraf\u0131ndan \u00f6zel olarak tasarlanm\u0131\u015f, kalp yakas\u0131nda siyah biyeleri olan, straplez istiridye rengi bir elbise giydi. Kollar\u0131n\u0131n \u00fczerine dramatik bir kuyru\u011fu olan siyah kadife ve ipek bir \u015fal \u00f6rtt\u00fc.<\/p>\n<p>44 ya\u015f\u0131ndaki Markle, sa\u00e7lar\u0131n\u0131 s\u0131k\u0131 bir topuz yaparak her zamanki minimal \u015f\u0131kl\u0131\u011f\u0131n\u0131 tercih etti ve verdi\u011fi k\u0131rm\u0131z\u0131 hal\u0131 pozlar\u0131yla Hollywood y\u0131ld\u0131zlar\u0131ndan a\u015fa\u011f\u0131 kal\u0131r bir yan\u0131 olmad\u0131\u011f\u0131n\u0131 bir kez daha ortaya koydu.<\/p>\n<p>Prens Harry , Markle&#x27;a etkinli\u011fe e\u015flik etmedi, ancak Meghan birka\u00e7 g\u00fcn \u00f6nce ofisinde \u00e7al\u0131\u015f\u0131rken ona tatl\u0131 ikramlar getiren kocas\u0131n\u0131n bir videosunu yay\u0131nlam\u0131\u015ft\u0131.<\/p>\n<p>Markle ve Harry en son ge\u00e7en ay Utah&#x27;daki Sundance Film Festivali&#x27;nde &quot;Cookie Queens&quot; belgesellerinin pr\u00f6miyerinde birlikte g\u00f6r\u00fclm\u00fc\u015flerdi.<\/p>\n<p>Meghan art\u0131k kraliyet ailesi \u00fcyesi olmad\u0131\u011f\u0131 i\u00e7in \u00f6zg\u00fcrce kulland\u0131\u011f\u0131 sosyal medya hesab\u0131ndan s\u0131k s\u0131k kocas\u0131 Harry\u2019yle a\u015fk pozlar\u0131n\u0131 payla\u015f\u0131yor.<\/p>\n<p>\u00c7iftin evlili\u011finde g\u00f6r\u00fcn\u00fcr bir sorun olmasa da ABD\u2019ye gittiklerinden beri ikili ne zaman ayr\u0131 ayr\u0131 g\u00f6r\u00fcnt\u00fclense s\u00fcrekli olarak evliliklerinin yolunda gitmedi\u011fine dair dedikodular duyulmaya ba\u015fl\u0131yor.<\/p>\n<p>T\u00fcrkiye&#x27;den ve D\u00fcnya\u2019dan son dakika haberleri, k\u00f6\u015fe yaz\u0131lar\u0131, magazinden siyasete, spordan seyahate b\u00fct\u00fcn konular\u0131n tek adresi Hurriyet.com.tr haber i\u00e7erikleri izin al\u0131nmadan, kaynak g\u00f6sterilerek dahi iktibas edilemez. Kanuna ayk\u0131r\u0131 ve izinsiz olarak kopyalanamaz, ba\u015fka yerde yay\u0131nlanamaz.<\/p>\n","protected":false},"excerpt":{"rendered":"<p>\u0130ngiliz kraliyet ailesinden kopup ABD\u2019ye yerle\u015ftiklerinden beri magazin g\u00fcndeminin g\u00fcndeminden d\u00fc\u015fmeyen \u00fcnl\u00fc \u00e7ift y\u0131llard\u0131r kendilerini y\u0131ld\u0131zlarla dolu&#8230;<\/p>\n","protected":false},"author":2,"featured_media":337,"comment_status":"open","ping_status":"open","sticky":false,"template":"","format":"standard","meta":{"footnotes":""},"categories":[8,3],"tags":[],"class_list":["post-338","post","type-post","status-publish","format-standard","has-post-thumbnail","hentry","category-arsiv","category-siyaset"],"_links":{"self":[{"href":"https:\/\/eskigazeteci.com\/index.php?rest_route=\/wp\/v2\/posts\/338","targetHints":{"allow":["GET"]}}],"collection":[{"href":"https:\/\/eskigazeteci.com\/index.php?rest_route=\/wp\/v2\/posts"}],"about":[{"href":"https:\/\/eskigazeteci.com\/index.php?rest_route=\/wp\/v2\/types\/post"}],"author":[{"embeddable":true,"href":"https:\/\/eskigazeteci.com\/index.php?rest_route=\/wp\/v2\/users\/2"}],"replies":[{"embeddable":true,"href":"https:\/\/eskigazeteci.com\/index.php?rest_route=%2Fwp%2Fv2%2Fcomments&post=338"}],"version-history":[{"count":0,"href":"https:\/\/eskigazeteci.com\/index.php?rest_route=\/wp\/v2\/posts\/338\/revisions"}],"wp:featuredmedia":[{"embeddable":true,"href":"https:\/\/eskigazeteci.com\/index.php?rest_route=\/wp\/v2\/media\/337"}],"wp:attachment":[{"href":"https:\/\/eskigazeteci.com\/index.php?rest_route=%2Fwp%2Fv2%2Fmedia&parent=338"}],"wp:term":[{"taxonomy":"category","embeddable":true,"href":"https:\/\/eskigazeteci.com\/index.php?rest_route=%2Fwp%2Fv2%2Fcategories&post=338"},{"taxonomy":"post_tag","embeddable":true,"href":"https:\/\/eskigazeteci.com\/index.php?rest_route=%2Fwp%2Fv2%2Ftags&post=338"}],"curies":[{"name":"wp","href":"https:\/\/api.w.org\/{rel}","templated":true}]}}