{"id":332,"date":"2026-02-09T12:23:31","date_gmt":"2026-02-09T12:23:31","guid":{"rendered":"https:\/\/eskigazeteci.com\/?p=332"},"modified":"2026-02-09T12:23:31","modified_gmt":"2026-02-09T12:23:31","slug":"haber-141","status":"publish","type":"post","link":"https:\/\/eskigazeteci.com\/?p=332","title":{"rendered":"Haber"},"content":{"rendered":"<p>Fenerbah\u00e7e , Trendyol S\u00fcper Lig &#x27;in 21. haftas\u0131nda sahas\u0131nda Gen\u00e7lerbirli\u011fi&#x27;yle kar\u015f\u0131la\u015facak. Ligde nama\u011flup yoluna devam eden tek tak\u0131m olan Fenerbah\u00e7e, 13 galibiyet ve 7 beraberlik sonucunda toplad\u0131\u011f\u0131 46 puanla lider Galatasaray &#x27;\u0131n 3 puan gerisinde ikinci s\u0131rada bulunuyor. Peki, Fenerbah\u00e7e &#8211; Gen\u00e7lerbirli\u011fi ma\u00e7\u0131 ne zaman, saat ka\u00e7ta, hangi kanalda? S\u00fcper Lig Fenerbah\u00e7e Gen\u00e7lerbirli\u011fi ma\u00e7\u0131 canl\u0131 izle bilgisi<\/p>\n<p>FENERBAH\u00c7E &#8211; GEN\u00c7LERB\u0130RL\u0130\u011e\u0130 MA\u00c7I NE ZAMAN, SAAT KA\u00c7TA, HANG\u0130 KANALDA?<\/p>\n<p>Fenerbah\u00e7e Gen\u00e7lerbirli\u011fi ma\u00e7\u0131 TS\u0130 20.00&#x27;da ba\u015flayacak. Hakem Ali \u015eansalan&#x27;\u0131n y\u00f6netece\u011fi m\u00fccadele beIN Sports 1 ekranlar\u0131ndan naklen yay\u0131nlanacak. MUHTEMEL 11&#x27;LER<\/p>\n<p>FENERBAH\u00c7E: Ederson, Semedo, \u00c7a\u011flar, Oosterwolde, M.M\u00fcld\u00fcr, Kante (\u0130smail), Guendouzi, Nene, Asensio, Musaba, Talisca.<\/p>\n<p>GEN\u00c7LERB\u0130RL\u0130\u011e\u0130: Velho, Pereira, Goutas, Zuzek, Thalisson, Dele-Bashiru, O\u011fulcan, G\u00f6ktan, Tongya, Metehan, Koita.<\/p>\n<p>Fenerbah\u00e7e&#x27;de 5 eksik<\/p>\n<p>Sar\u0131-lacivertlilerde Gen\u00e7lerbirli\u011fi ma\u00e7\u0131nda 5 futbolcusundan yararlanamayacak.<\/p>\n<p>Sakatl\u0131klar\u0131 ge\u00e7mesine ra\u011fmen hen\u00fcz haz\u0131r olmayan Archie Brown ve Levent Mercan ile yeni transfer Sidiki Cherif bug\u00fcn kadroda yer alamayacak.<\/p>\n<p>T\u00fcrkiye Futbol Federasyonu Profesyonel Futbol Disiplin Kurulu taraf\u0131ndan 2 ma\u00e7 ceza verilen Milan Skriniar ile sar\u0131 kart cezal\u0131s\u0131 Edson Alvarez de ma\u00e7ta forma giyemeyecek.<\/p>\n<p>Kerem Akt\u00fcrko\u011flu kart s\u0131n\u0131r\u0131nda<\/p>\n<p>Fenerbah\u00e7e&#x27;nin milli futbolcusu Kerem Akt\u00fcrko\u011flu, Kocaelispor deplasman\u0131nda g\u00f6rd\u00fc\u011f\u00fc sar\u0131 kartla ceza s\u0131n\u0131r\u0131na geldi.<\/p>\n<p>Kerem, bug\u00fcn sar\u0131 kart g\u00f6rmesi halinde cezal\u0131 duruma d\u00fc\u015fecek ve 22. haftadaki Trabzonspor ma\u00e7\u0131nda g\u00f6rev yapamayacak.<\/p>\n<p>Kante&#x27;nin kadroda yer almas\u0131 bekleniyor<\/p>\n<p>Fenerbah\u00e7e&#x27;nin devre aras\u0131nda Suudi Arabistan&#x27;\u0131n Al Ittihad ekibinden transfer etti\u011fi Frans\u0131z y\u0131ld\u0131z N&#x27;Golo Kante&#x27;nin bug\u00fcnk\u00fc ma\u00e7\u0131n kadrosunda yer almas\u0131 bekleniyor.<\/p>\n<p>Teknik direkt\u00f6r Domenico Tedesco&#x27;nun g\u00f6rev vermesi halinde Kante, ilk kez bir ma\u00e7ta sar\u0131-lacivertli formay\u0131 terletecek.<\/p>\n<p>Gen\u00e7lerbirli\u011fi, haftaya 22 puanla 11. s\u0131rada girdi<\/p>\n<p>Ligdeki son ma\u00e7\u0131nda sahas\u0131nda Gaziantep FK&#x27;yi 2-1 yenen Gen\u00e7lerbirli\u011fi, haftaya 22 puanla 11. s\u0131rada girdi.<\/p>\n<p>Sahas\u0131ndaki son 5 lig ma\u00e7\u0131nda 4 galibiyet, 1 beraberlik alan k\u0131rm\u0131z\u0131-siyahl\u0131lar, i\u00e7 sahadaki ba\u015far\u0131l\u0131 performans\u0131n\u0131 deplasmana yans\u0131tamad\u0131.<\/p>\n<p>Deplasmanda tek galibiyet Be\u015fikta\u015f&#x27;a kar\u015f\u0131<\/p>\n<p>Eryaman Stad\u0131&#x27;nda bu sezon 10 ma\u00e7ta 17 puan toplayan Gen\u00e7lerbirli\u011fi, deplasmanda ise sadece 5 puan (1 galibiyet, 2 beraberlik, 7 ma\u011flubiyet) alabildi.<\/p>\n<p>Ba\u015fkent ekibi, deplasmandaki tek galibiyetini, 18 Ekim 2025&#x27;te yap\u0131lan 9. hafta ma\u00e7\u0131nda 2-1&#x27;lik skorla Be\u015fikta\u015f &#x27;a kar\u015f\u0131 elde etti.<\/p>\n<p>Gen\u00e7lerbirli\u011fi ile Fenerbah\u00e7e aras\u0131nda sezonun ilk devresinde Ankara&#x27;da oynanan ma\u00e7\u0131, 3-1&#x27;lik skorla sar\u0131-lacivertliler kazand\u0131.<\/p>\n<p>T\u00fcrkiye&#x27;den ve D\u00fcnya\u2019dan son dakika haberleri, k\u00f6\u015fe yaz\u0131lar\u0131, magazinden siyasete, spordan seyahate b\u00fct\u00fcn konular\u0131n tek adresi Hurriyet.com.tr haber i\u00e7erikleri izin al\u0131nmadan, kaynak g\u00f6sterilerek dahi iktibas edilemez. Kanuna ayk\u0131r\u0131 ve izinsiz olarak kopyalanamaz, ba\u015fka yerde yay\u0131nlanamaz.<\/p>\n","protected":false},"excerpt":{"rendered":"<p>Fenerbah\u00e7e, S\u00fcper Lig&#8217;de Gen\u00e7lerbirli\u011fi&#8217;ni konuk edecek. Chobani Stadyumu&#8217;nda oynanacak Fenerbah\u00e7e-Gen\u00e7lerbirli\u011fi ma\u00e7\u0131n\u0131 Hakem Ali \u015eansalan&#8217;\u0131n y\u00f6netecek&#8230;.<\/p>\n","protected":false},"author":2,"featured_media":331,"comment_status":"open","ping_status":"open","sticky":false,"template":"","format":"standard","meta":{"footnotes":""},"categories":[8,3],"tags":[],"class_list":["post-332","post","type-post","status-publish","format-standard","has-post-thumbnail","hentry","category-arsiv","category-siyaset"],"_links":{"self":[{"href":"https:\/\/eskigazeteci.com\/index.php?rest_route=\/wp\/v2\/posts\/332","targetHints":{"allow":["GET"]}}],"collection":[{"href":"https:\/\/eskigazeteci.com\/index.php?rest_route=\/wp\/v2\/posts"}],"about":[{"href":"https:\/\/eskigazeteci.com\/index.php?rest_route=\/wp\/v2\/types\/post"}],"author":[{"embeddable":true,"href":"https:\/\/eskigazeteci.com\/index.php?rest_route=\/wp\/v2\/users\/2"}],"replies":[{"embeddable":true,"href":"https:\/\/eskigazeteci.com\/index.php?rest_route=%2Fwp%2Fv2%2Fcomments&post=332"}],"version-history":[{"count":0,"href":"https:\/\/eskigazeteci.com\/index.php?rest_route=\/wp\/v2\/posts\/332\/revisions"}],"wp:featuredmedia":[{"embeddable":true,"href":"https:\/\/eskigazeteci.com\/index.php?rest_route=\/wp\/v2\/media\/331"}],"wp:attachment":[{"href":"https:\/\/eskigazeteci.com\/index.php?rest_route=%2Fwp%2Fv2%2Fmedia&parent=332"}],"wp:term":[{"taxonomy":"category","embeddable":true,"href":"https:\/\/eskigazeteci.com\/index.php?rest_route=%2Fwp%2Fv2%2Fcategories&post=332"},{"taxonomy":"post_tag","embeddable":true,"href":"https:\/\/eskigazeteci.com\/index.php?rest_route=%2Fwp%2Fv2%2Ftags&post=332"}],"curies":[{"name":"wp","href":"https:\/\/api.w.org\/{rel}","templated":true}]}}