{"id":330,"date":"2026-02-09T12:23:30","date_gmt":"2026-02-09T12:23:30","guid":{"rendered":"https:\/\/eskigazeteci.com\/?p=330"},"modified":"2026-02-09T12:23:30","modified_gmt":"2026-02-09T12:23:30","slug":"haber-140","status":"publish","type":"post","link":"https:\/\/eskigazeteci.com\/?p=330","title":{"rendered":"Haber"},"content":{"rendered":"<p>BJK Nevzat Demir Tesisleri&#x27;nde bas\u0131na kapal\u0131 yap\u0131lan idman, yakla\u015f\u0131k 1 saat 20 dakika s\u00fcrd\u00fc. Teknik Direkt\u00f6r Sergen Yal\u00e7\u0131n y\u00f6netimindeki antrenman kondisyon ve taktik \u00e7al\u0131\u015fmas\u0131yd\u0131.<\/p>\n<p>D\u00fcnk\u00fc ma\u00e7ta forma giyen futbolcular, salonda rejenerasyon \u00e7al\u0131\u015fmas\u0131 yaparak g\u00fcn\u00fc tamamlad\u0131. Di\u011fer futbolcular\u0131n \u0131s\u0131nma ve pas \u00e7al\u0131\u015fmas\u0131yla ba\u015flad\u0131klar\u0131 idman, dar alanda oynanan \u00e7ift kale ma\u00e7larla sona erdi.<\/p>\n<p>Be\u015fikta\u015f , babas\u0131 vefat eden Wilfred Ndidi &#x27;nin cenaze t\u00f6renine kat\u0131lmak \u00fczere teknik ekibin bilgisi ve izni dahilinde yar\u0131n (10 \u015eubat) Nijerya\u2019ya gidece\u011fini a\u00e7\u0131klad\u0131.<\/p>\n<p>T\u00fcrkiye&#x27;den ve D\u00fcnya\u2019dan son dakika haberleri, k\u00f6\u015fe yaz\u0131lar\u0131, magazinden siyasete, spordan seyahate b\u00fct\u00fcn konular\u0131n tek adresi Hurriyet.com.tr haber i\u00e7erikleri izin al\u0131nmadan, kaynak g\u00f6sterilerek dahi iktibas edilemez. Kanuna ayk\u0131r\u0131 ve izinsiz olarak kopyalanamaz, ba\u015fka yerde yay\u0131nlanamaz.<\/p>\n","protected":false},"excerpt":{"rendered":"<p>Be\u015fikta\u015f, S\u00fcper Lig&#8217;in 22. haftas\u0131nda deplasmanda Ba\u015fak\u015fehir ile oynayaca\u011f\u0131 kar\u015f\u0131la\u015fman\u0131n haz\u0131rl\u0131klar\u0131na ara vermeden bu sabah yapt\u0131\u011f\u0131 antrenmanla ba\u015flad\u0131.<\/p>\n","protected":false},"author":2,"featured_media":329,"comment_status":"open","ping_status":"open","sticky":false,"template":"","format":"standard","meta":{"footnotes":""},"categories":[8,3],"tags":[],"class_list":["post-330","post","type-post","status-publish","format-standard","has-post-thumbnail","hentry","category-arsiv","category-siyaset"],"_links":{"self":[{"href":"https:\/\/eskigazeteci.com\/index.php?rest_route=\/wp\/v2\/posts\/330","targetHints":{"allow":["GET"]}}],"collection":[{"href":"https:\/\/eskigazeteci.com\/index.php?rest_route=\/wp\/v2\/posts"}],"about":[{"href":"https:\/\/eskigazeteci.com\/index.php?rest_route=\/wp\/v2\/types\/post"}],"author":[{"embeddable":true,"href":"https:\/\/eskigazeteci.com\/index.php?rest_route=\/wp\/v2\/users\/2"}],"replies":[{"embeddable":true,"href":"https:\/\/eskigazeteci.com\/index.php?rest_route=%2Fwp%2Fv2%2Fcomments&post=330"}],"version-history":[{"count":0,"href":"https:\/\/eskigazeteci.com\/index.php?rest_route=\/wp\/v2\/posts\/330\/revisions"}],"wp:featuredmedia":[{"embeddable":true,"href":"https:\/\/eskigazeteci.com\/index.php?rest_route=\/wp\/v2\/media\/329"}],"wp:attachment":[{"href":"https:\/\/eskigazeteci.com\/index.php?rest_route=%2Fwp%2Fv2%2Fmedia&parent=330"}],"wp:term":[{"taxonomy":"category","embeddable":true,"href":"https:\/\/eskigazeteci.com\/index.php?rest_route=%2Fwp%2Fv2%2Fcategories&post=330"},{"taxonomy":"post_tag","embeddable":true,"href":"https:\/\/eskigazeteci.com\/index.php?rest_route=%2Fwp%2Fv2%2Ftags&post=330"}],"curies":[{"name":"wp","href":"https:\/\/api.w.org\/{rel}","templated":true}]}}