{"id":328,"date":"2026-02-09T12:13:32","date_gmt":"2026-02-09T12:13:32","guid":{"rendered":"https:\/\/eskigazeteci.com\/?p=328"},"modified":"2026-02-09T12:13:32","modified_gmt":"2026-02-09T12:13:32","slug":"haber-139","status":"publish","type":"post","link":"https:\/\/eskigazeteci.com\/?p=328","title":{"rendered":"Haber"},"content":{"rendered":"<p>Meteoroloji Genel M\u00fcd\u00fcrl\u00fc\u011f\u00fc&#x27;nden yap\u0131lan a\u00e7\u0131klamaya g\u00f6re, yar\u0131n sabah saatlerinden itibaren Erzurum, A\u011fr\u0131 ve Bitlis \u00e7evreleri ile Bing\u00f6l, Tunceli ve Mu\u015f illerinin y\u00fcksek kesimlerinde kuvvetli kar ya\u011f\u0131\u015flar\u0131 bekleniyor.<\/p>\n<p>Vatanda\u015flar\u0131n kuvvetli kar ya\u011f\u0131\u015flar\u0131yla birlikte ula\u015f\u0131mda aksamalar, \u00e7\u0131\u011f tehlikesi, buzlanma ve don, y\u00fckseklerde tipi gibi olumsuzluklara kar\u015f\u0131 dikkatli ve tedbirli olmalar\u0131 gerekiyor.<\/p>\n<p>BAZI \u0130LLER \u0130\u00c7\u0130N KUVVETL\u0130 YA\u011eI\u015e UYARISI<\/p>\n<p>Meteoroloji Genel M\u00fcd\u00fcrl\u00fc\u011f\u00fcnden yap\u0131lan a\u00e7\u0131klamaya g\u00f6re, yar\u0131n sabah saatlerinden itibaren Antalya&#x27;n\u0131n do\u011fu il\u00e7elerinde yerel olarak kuvvetli sa\u011fanak ve g\u00f6k g\u00fcr\u00fclt\u00fcl\u00fc sa\u011fanak, \u00f6\u011fle saatlerinden itibaren kuzey kesimleri ba\u015fta olmak \u00fczere Batman ve Siirt \u00e7evreleri ile Diyarbak\u0131r&#x27;\u0131n kuzeyinde yerel olarak sa\u011fanak, ak\u015fam saatlerinden itibaren ise Adana&#x27;n\u0131n Ceyhan ve Kozan il\u00e7eleri, Hatay ve Osmaniye&#x27;de kuvvetli ya\u011f\u0131\u015f \u00f6ng\u00f6r\u00fcl\u00fcyor.<\/p>\n<p>Vatanda\u015flar\u0131n sel, su bask\u0131n\u0131, heyelan, y\u0131ld\u0131r\u0131m, ula\u015f\u0131mda aksamalar, yerel k\u00fc\u00e7\u00fck \u00e7apl\u0131 dolu ya\u011f\u0131\u015f\u0131, ya\u011f\u0131\u015f an\u0131nda kuvvetli r\u00fczgar gibi olumsuzluklara kar\u015f\u0131 dikkatli ve tedbirli olmalar\u0131 gerekiyor.<\/p>\n<p>DEN\u0130ZLERDE FIRTINA UYARISI<\/p>\n<p>Meteoroloji Genel M\u00fcd\u00fcrl\u00fc\u011f\u00fcnden yap\u0131lan a\u00e7\u0131klamaya g\u00f6re, Bat\u0131 Karadeniz&#x27;in do\u011fusunda r\u00fczgar\u0131n yar\u0131n g\u00fcn\u00fcn ilk saatlerinden itibaren do\u011fu ve kuzeydo\u011fudan 6 ila 8 kuvvetinde f\u0131rt\u0131na \u015feklinde esece\u011fi tahmin ediliyor. F\u0131rt\u0131nan\u0131n ayn\u0131 g\u00fcn ak\u015fam saatlerinden sonra etkisini kaybetmesi bekleniyor.<\/p>\n<p>Marmara&#x27;da r\u00fczgar\u0131n, bug\u00fcn ak\u015fam saatlerinden sonra kuzey ve kuzeydo\u011fudan 6 ila 8 kuvvetinde f\u0131rt\u0131na \u015feklinde esece\u011fi tahmin ediliyor. F\u0131rt\u0131nan\u0131n, yar\u0131n \u00f6\u011fle saatlerinden sonra etkisini kaybetmesi \u00f6ng\u00f6r\u00fcl\u00fcyor. 13 \u0130L \u0130\u00c7\u0130N SARI KODLU UYARI<\/p>\n<p>Meteoroloji&#x27;den Adana, A\u011fr\u0131, Antalya, Bing\u00f6l, Bitlis, Diyarbak\u0131r, Erzurum, Hatay, Mu\u015f, Siirt, Tunceli, Batman ve Osmaniye i\u00e7in sar\u0131 kodlu uyar\u0131 yap\u0131ld\u0131.<\/p>\n<p>T\u00fcrkiye g\u00fcndeminden son dakika haberleri, bug\u00fcn ya\u015fanan en son geli\u015fmeler, siyaset g\u00fcndeminden g\u00fcncel haberler ve b\u00fct\u00fcn son dakika haberleri i\u00e7in H\u00fcrriyet&#x27;in internet haber sitesi hurriyet.com.tr; Hurriyet.com.tr haber i\u00e7erikleri kaynak g\u00f6sterilmeden al\u0131nt\u0131 yap\u0131lamaz, Kanuna ayk\u0131r\u0131 ve izinsiz olarak kopyalanamaz, ba\u015fka yerde yay\u0131nlanamaz.<\/p>\n","protected":false},"excerpt":{"rendered":"<p>Meteoroloji Genel M\u00fcd\u00fcrl\u00fc\u011f\u00fc (MGM) Do\u011fu Anadolu i\u00e7in kuvvetli kar ya\u011f\u0131\u015f\u0131 uyar\u0131s\u0131nda bulundu. Meteoroloji&#8217;den yap\u0131lan a\u00e7\u0131klamada, Vatanda\u015flar\u0131n \u00e7\u0131\u011f tehlikesi,&#8230;<\/p>\n","protected":false},"author":2,"featured_media":327,"comment_status":"open","ping_status":"open","sticky":false,"template":"","format":"standard","meta":{"footnotes":""},"categories":[8,3],"tags":[],"class_list":["post-328","post","type-post","status-publish","format-standard","has-post-thumbnail","hentry","category-arsiv","category-siyaset"],"_links":{"self":[{"href":"https:\/\/eskigazeteci.com\/index.php?rest_route=\/wp\/v2\/posts\/328","targetHints":{"allow":["GET"]}}],"collection":[{"href":"https:\/\/eskigazeteci.com\/index.php?rest_route=\/wp\/v2\/posts"}],"about":[{"href":"https:\/\/eskigazeteci.com\/index.php?rest_route=\/wp\/v2\/types\/post"}],"author":[{"embeddable":true,"href":"https:\/\/eskigazeteci.com\/index.php?rest_route=\/wp\/v2\/users\/2"}],"replies":[{"embeddable":true,"href":"https:\/\/eskigazeteci.com\/index.php?rest_route=%2Fwp%2Fv2%2Fcomments&post=328"}],"version-history":[{"count":0,"href":"https:\/\/eskigazeteci.com\/index.php?rest_route=\/wp\/v2\/posts\/328\/revisions"}],"wp:featuredmedia":[{"embeddable":true,"href":"https:\/\/eskigazeteci.com\/index.php?rest_route=\/wp\/v2\/media\/327"}],"wp:attachment":[{"href":"https:\/\/eskigazeteci.com\/index.php?rest_route=%2Fwp%2Fv2%2Fmedia&parent=328"}],"wp:term":[{"taxonomy":"category","embeddable":true,"href":"https:\/\/eskigazeteci.com\/index.php?rest_route=%2Fwp%2Fv2%2Fcategories&post=328"},{"taxonomy":"post_tag","embeddable":true,"href":"https:\/\/eskigazeteci.com\/index.php?rest_route=%2Fwp%2Fv2%2Ftags&post=328"}],"curies":[{"name":"wp","href":"https:\/\/api.w.org\/{rel}","templated":true}]}}