{"id":326,"date":"2026-02-09T12:13:30","date_gmt":"2026-02-09T12:13:30","guid":{"rendered":"https:\/\/eskigazeteci.com\/?p=326"},"modified":"2026-02-09T12:13:30","modified_gmt":"2026-02-09T12:13:30","slug":"haber-138","status":"publish","type":"post","link":"https:\/\/eskigazeteci.com\/?p=326","title":{"rendered":"Haber"},"content":{"rendered":"<p>Konu\u015fmas\u0131nda &quot;Biz ilk g\u00fcnk\u00fc gibi T\u00fcrk\u00e7\u00fcy\u00fcz Turanc\u0131y\u0131z T\u00fcrk Millet\u00e7ileriyiz.&quot; diyen MHP lideri Bah\u00e7eli, parti politikalar\u0131yla ilgili ele\u015ftirilere ise &quot;Bizi sorgulayan siyasi dev\u015firmeler peki siz kimsiniz? Olsa olsa sizden tam bir siyasi d\u00fcmenci olur ve nitekim olmu\u015ftur.&quot; s\u00f6zleriyle kar\u015f\u0131l\u0131k verdi.<\/p>\n<p>\u0130\u015fte Devlet Bah\u00e7eli&#x27;nin konu\u015fmas\u0131ndan \u00f6ne \u00e7\u0131kan ba\u015fl\u0131klar:<\/p>\n<p>Asaletsin cesaretin ve dirayetin timsali sevgili Bozkurtlar, Asenalar Milliyet\u00e7i Hareket Partisi&#x27;nin 57 y\u0131ll\u0131k ilkesi ve \u00fclkesiyle tek y\u00fcrek halinde kenetlenmi\u015f bir halin aynas\u0131nda hepinizi kemal-i h\u00fcrmetle selaml\u0131yorum. Hepinize ho\u015f geldiniz safalar getirdiniz diyorum.<\/p>\n<p>Say\u0131n Recep Tayyip Erdo\u011fan&#x27;a Milliyet\u00e7i Hareket Parti&#x27;nin 57. kurulu\u015f y\u0131l d\u00f6n\u00fcm\u00fc vesilesiyle haz\u0131rlat\u0131p g\u00f6nderdi\u011fi \u00e7i\u00e7ekten dolay\u0131 te\u015fekk\u00fcrlerimi ve \u015f\u00fckranlar\u0131m\u0131 iletiyorum.<\/p>\n<p>Ba\u011f\u0131ms\u0131z vicdan\u0131m\u0131zla bar\u0131\u015fsever zihniyetimizle T\u00fcrk Tarih ve K\u00fclt\u00fcr\u00fcne muazzam ba\u011fl\u0131l\u0131\u011f\u0131m\u0131zla 57 y\u0131ll\u0131k maziyi geride b\u0131rakt\u0131k.<\/p>\n<p>On y\u0131llar\u0131n tozunu yuttuk ama hain oyunlar\u0131 yutmad\u0131k. Milletimize hizmet etmekten dolay\u0131 kar\u015f\u0131l\u0131k beklemedik. Biz sevgimizde hasbi oldu. Biz bu \u00fclkeyi kar\u015f\u0131l\u0131ks\u0131z sevdik. Biz milletimizin her insan\u0131n\u0131 Allah i\u00e7in sevdik ba\u011fr\u0131m\u0131za s\u0131k\u0131ca bast\u0131k. \u00c7\u00fcnk\u00fc Allah&#x27;\u0131n bize bizden daha yak\u0131n oldu\u011funa iman ettik.<\/p>\n<p>Kur\u015fun yedik. Zor ve \u00e7etin y\u0131llarda ayaz\u0131 yedik. Cami avlular\u0131nda \u015fehit tabutlar\u0131n\u0131 omuzlarken i\u00e7i i\u00e7imiz yedik. Ama zulme yenilmedik. zillete yenilmedik. Pusulara oyunlara tuzaklara pes etmedik tamam demedik. Birimiz gitse de di\u011feri onun yerini doldurdu.<\/p>\n<p>D\u00fcn neysek bug\u00fcn oyuz. Biz T\u00fcrk Milletine mensubiyet onurunu damarlar\u0131ndaki asil kanla ta\u015f\u0131yan milliyet\u00e7i \u00dclk\u00fcc\u00fc Hareketiz. Milliyet\u00e7i \u00dclk\u00fcc\u00fc olmak i\u00e7in de milleti seviyormu\u015f gibi g\u00f6r\u00fcnmek yetmeyecektir.<\/p>\n<p>Milliyet\u00e7ilik ihtiya\u00e7 oldu\u011funda \u00f6l\u00fcm kar\u015f\u0131s\u0131nda imtihan olmakt\u0131r.<\/p>\n<p>Biz ilk g\u00fcnk\u00fc gibi T\u00fcrk\u00e7\u00fcy\u00fcz Turanc\u0131y\u0131z T\u00fcrk Millet\u00e7ileriyiz. Orada burada bizi sorgulayan siyasi dev\u015firmeler peki siz kimsiniz? Olsa olsa sizden tam bir siyasi d\u00fcmenci olur ve nitekim olmu\u015ftur.<\/p>\n<p>Ele\u011fin alt\u0131nda kalanlara ge\u00e7mi\u015f olsun. \u00dcst\u00fcnde kalanlarla m\u00fccadele devam edecek bu davan\u0131n varl\u0131\u011f\u0131na leke s\u00fcr\u00fclmeyecektir. Bug\u00fcnk\u00fc n\u00f6bet bizdedir. Bug\u00fcnk\u00fc n\u00f6bet\u00e7iler Millet\u00e7i \u00dclk\u00fcc\u00fc harekettir. Cumhur \u0130ttifak\u0131d\u0131r.<\/p>\n<p>T\u00fcrkiye sadece bir co\u011frafi b\u00f6lgenin ad\u0131 de\u011fildir. T\u00fcrkiye Cumhuriyeti&#x27;nin sahibi T\u00fcrk Milletidir. T\u00fcrkiye&#x27;nin ve T\u00fcrk Milleti&#x27;nin gelecek \u00fcmidi Milliyet\u00e7i Hareket Partisi ve Cumhur \u0130ttifak\u0131&#x27;d\u0131r.<\/p>\n<p>Milli Vicdan&#x27;\u0131 uyand\u0131rmaya ihtiya\u00e7 vard\u0131r. Bug\u00fcn yapmay\u0131 ama\u00e7lad\u0131\u011f\u0131m\u0131z da budur. \u0130ftihar etti\u011fimiz milletimizin vicdan\u0131 birdir. Biri ikiyle karalamak biri ikiyle b\u00f6lmek m\u00fcmk\u00fcn de\u011fildir. T\u00fcrk&#x27;\u00fc ile K\u00fcrt&#x27;\u00fc ile T\u00fcrk Milleti muzaffer ge\u00e7mi\u015fini gelece\u011fe ta\u015f\u0131yacakt\u0131r. Bu ta\u015f\u0131ma mutlaka ger\u00e7ekle\u015ftirilecektir.<\/p>\n<p>Ter\u00f6rs\u00fcz T\u00fcrkiye hedefinin yakalanmas\u0131 Milli Dayan\u0131\u015fman\u0131n dinamizmiyle var olacakt\u0131r.<\/p>\n<p>Kan ba\u011f\u0131na ve soya dayal\u0131 \u0131rk\u00e7\u0131 milliyet\u00e7ilik anlay\u0131\u015f\u0131n\u0131n her \u015fekli T\u00fcrk Milliyet\u00e7ili\u011fi &#x27;ne ayk\u0131r\u0131d\u0131r.<\/p>\n<p>Herkesi uyar\u0131yorum Cumhuriyet&#x27;in kurulu\u015f ilkelerini tart\u0131\u015fmaya a\u00e7mak etnik k\u00f6ken farkl\u0131l\u0131klar\u0131na dayanarak bunlar\u0131 y\u0131kmaya \u00e7al\u0131\u015fmak devletin varl\u0131\u011f\u0131na kast etmekle e\u015f de\u011ferdir.<\/p>\n<p>Ter\u00f6rs\u00fcz T\u00fcrkiye hedefinin kuvveden fiile ge\u00e7mesiyle, Milliyet\u00e7i Hareket Partisi toplumsal siyasetin merkezi oldu\u011funu ispat etmi\u015ftir.<\/p>\n<p>Milliyet\u00e7ilik bir merkez de\u011fer olarak nas\u0131l Atat\u00fcrk d\u00f6neminde belirleyici olmu\u015fsa Milliyet\u00e7i Hareket Partisi&#x27;nin milliyet\u00e7i zihniyeti yine T\u00fcrkiye&#x27;nin merkezi olacakt\u0131r.<\/p>\n<p>Milliyet\u00e7ilik y\u00fckselen bir de\u011fer olarak milletin g\u00f6nl\u00fcnde yer almaktad\u0131r. Yeni y\u00fczy\u0131l\u0131n siyasi adresi bellidir. Adres Milliyet\u00e7i, Hareket Partisidir.<\/p>\n<p>Bizim yegane g\u00fc\u00e7 kayna\u011f\u0131m\u0131z T\u00fcrk milletinin temiz vicdan\u0131 ve y\u00fcre\u011fidir. Milliyet\u00e7i Hareket Partisi melezle\u015fmi\u015f g\u00fcd\u00fcml\u00fc s\u00f6zde milliyet\u00e7i partileri elinin tersiyle itecek ve ademe mahkum edecektir.<\/p>\n<p>Bizim i\u00e7in 57 y\u0131ll\u0131k ge\u00e7mi\u015fimiz \u015fanla \u015ferefle m\u00fcndebi\u00e7tir. Bizim \u00fclk\u00fc ad\u0131n\u0131 verip pe\u015fine d\u00fc\u015ft\u00fc\u011f\u00fcm\u00fcz gelecek var olan tutkumuzdur. Zaman her varl\u0131\u011fa ta\u015f\u0131d\u0131\u011f\u0131 varl\u0131\u011fa g\u00f6re tesir etmektedir. A\u011faca bakarken orman\u0131 g\u00f6remeyen ill\u00fczyondan kurtulmak durumunday\u0131z. Meselelere ge\u00e7mi\u015f ile gelece\u011fin ba\u011flant\u0131s\u0131n\u0131 k\u0131rmadan bakmak durumunday\u0131z.<\/p>\n<p>\u00dclkenin g\u00fcvenli\u011fi tehlikeye d\u00fc\u015ferse &quot;Kim benim \u00f6n\u00fcme d\u00fc\u015fecek?&quot; sorusunun cevab\u0131n\u0131 en iyi biz biliyoruz.<\/p>\n<p>\u00dclk\u00fcler idealler ve hasletler y\u0131ld\u0131zlara benzerler. Onlara ula\u015fmasak bile onlara bakarak y\u00f6n\u00fcm\u00fcz\u00fc bulabiliriz.<\/p>\n<p>T\u00fcrkiye Cumhuriyeti 1923 kurulu\u015f ruhuyla var olacakt\u0131r. G\u00fcncence Milliyet\u00e7i Hareket Partisi ve Cumhur \u0130ttifakad\u0131r. \u0130stanbul&#x27;un fethinin 600&#x27;\u00fcnc\u00fc kurulu\u015f y\u0131l d\u00f6n\u00fcm\u00fc olan 2053&#x27;te s\u00fcper g\u00fc\u00e7 hedefine ula\u015facakt\u0131r. G\u00fcvence Milliyet\u00e7i Hareket Partisi ve Cumhur \u0130ttifakt\u0131r.<\/p>\n<p>T\u00fcrkiye g\u00fcndeminden son dakika haberleri, bug\u00fcn ya\u015fanan en son geli\u015fmeler, siyaset g\u00fcndeminden g\u00fcncel haberler ve b\u00fct\u00fcn son dakika haberleri i\u00e7in H\u00fcrriyet&#x27;in internet haber sitesi hurriyet.com.tr; Hurriyet.com.tr haber i\u00e7erikleri kaynak g\u00f6sterilmeden al\u0131nt\u0131 yap\u0131lamaz, Kanuna ayk\u0131r\u0131 ve izinsiz olarak kopyalanamaz, ba\u015fka yerde yay\u0131nlanamaz.<\/p>\n","protected":false},"excerpt":{"rendered":"<p>MHP Genel Ba\u015fkan\u0131 Devlet Bah\u00e7eli, Ankara ATO Congresium&#8217;da d\u00fczenlenen \u015eanla \u015eerefle 57. Y\u0131l temal\u0131 programda konu\u015ftu. Konu\u015fmas\u0131nda Ter\u00f6rs\u00fcz T\u00fcrkiye s\u00fcrecine&#8230;<\/p>\n","protected":false},"author":2,"featured_media":325,"comment_status":"open","ping_status":"open","sticky":false,"template":"","format":"standard","meta":{"footnotes":""},"categories":[8,3],"tags":[],"class_list":["post-326","post","type-post","status-publish","format-standard","has-post-thumbnail","hentry","category-arsiv","category-siyaset"],"_links":{"self":[{"href":"https:\/\/eskigazeteci.com\/index.php?rest_route=\/wp\/v2\/posts\/326","targetHints":{"allow":["GET"]}}],"collection":[{"href":"https:\/\/eskigazeteci.com\/index.php?rest_route=\/wp\/v2\/posts"}],"about":[{"href":"https:\/\/eskigazeteci.com\/index.php?rest_route=\/wp\/v2\/types\/post"}],"author":[{"embeddable":true,"href":"https:\/\/eskigazeteci.com\/index.php?rest_route=\/wp\/v2\/users\/2"}],"replies":[{"embeddable":true,"href":"https:\/\/eskigazeteci.com\/index.php?rest_route=%2Fwp%2Fv2%2Fcomments&post=326"}],"version-history":[{"count":0,"href":"https:\/\/eskigazeteci.com\/index.php?rest_route=\/wp\/v2\/posts\/326\/revisions"}],"wp:featuredmedia":[{"embeddable":true,"href":"https:\/\/eskigazeteci.com\/index.php?rest_route=\/wp\/v2\/media\/325"}],"wp:attachment":[{"href":"https:\/\/eskigazeteci.com\/index.php?rest_route=%2Fwp%2Fv2%2Fmedia&parent=326"}],"wp:term":[{"taxonomy":"category","embeddable":true,"href":"https:\/\/eskigazeteci.com\/index.php?rest_route=%2Fwp%2Fv2%2Fcategories&post=326"},{"taxonomy":"post_tag","embeddable":true,"href":"https:\/\/eskigazeteci.com\/index.php?rest_route=%2Fwp%2Fv2%2Ftags&post=326"}],"curies":[{"name":"wp","href":"https:\/\/api.w.org\/{rel}","templated":true}]}}