{"id":322,"date":"2026-02-09T12:03:30","date_gmt":"2026-02-09T12:03:30","guid":{"rendered":"https:\/\/eskigazeteci.com\/?p=322"},"modified":"2026-02-09T12:03:30","modified_gmt":"2026-02-09T12:03:30","slug":"haber-136","status":"publish","type":"post","link":"https:\/\/eskigazeteci.com\/?p=322","title":{"rendered":"Haber"},"content":{"rendered":"<p>Spor yorumcusu ve eski futbol hakemi Erman Toro\u011flu hakk\u0131nda, 8 \u015eubat 2026 tarihinde kat\u0131ld\u0131\u011f\u0131 televizyon program\u0131nda yapt\u0131\u011f\u0131 a\u00e7\u0131klamaya ili\u015fkin \u2018Halk\u0131 Yan\u0131lt\u0131c\u0131 Bilgiyi Alenen Yayma\u2019 iddias\u0131yla re\u2019sen soru\u015fturma ba\u015flat\u0131ld\u0131.<\/p>\n<p>Toro\u011flu, ifade i\u015flemlerinin tamamlanmas\u0131n\u0131n ard\u0131ndan adli kontrol talebiyle n\u00f6bet\u00e7i Sulh Ceza Hakimli\u011fi\u2019ne sevk edildi.<\/p>\n<p>\u0130stanbul Cumhuriyet Ba\u015fsavc\u0131l\u0131\u011f\u0131&#x27;ndan yap\u0131lan a\u00e7\u0131klamas\u0131nda;<\/p>\n<p>&quot;Cumhuriyet Ba\u015fsavc\u0131l\u0131\u011f\u0131m\u0131z taraf\u0131ndan,<\/p>\n<p>Spor yorumcusu ve eski futbol hakemi Erman TORO\u011eLU hakk\u0131nda, 08.02.2026 tarihinde ulusal bir televizyon kanal\u0131nda kat\u0131ld\u0131\u011f\u0131 programda yapt\u0131\u011f\u0131 ve T\u00fcrk futbolunu ilgilendiren a\u00e7\u0131klamalar\u0131ndan dolay\u0131 TCK 217\/A maddesi do\u011frultusunda &quot;Halk\u0131 Yan\u0131lt\u0131c\u0131 Bilgiyi Alenen Yayma&quot; iddias\u0131 bak\u0131m\u0131ndan re&#x27;sen soru\u015fturma i\u015flemine ba\u015flan\u0131lm\u0131\u015ft\u0131r.<\/p>\n<p>Ad\u0131 ge\u00e7en ki\u015finin \u015f\u00fcpheli olarak al\u0131nan ifadesinde \u00f6zetle kat\u0131ld\u0131\u011f\u0131 programda iddia etti\u011fi hususlar hakk\u0131nda do\u011frudan bilgi sahibi olmad\u0131\u011f\u0131n\u0131, duyuma dayal\u0131 bilgiler edindi\u011fini ve bu iddialar\u0131n ger\u00e7ek olup olmad\u0131\u011f\u0131n\u0131 bilmedi\u011fini beyan etti\u011fi tespit edilmi\u015f olup, \u015f\u00fcpheli Erman Toro\u011flu ifade i\u015flemleri tamamlanmas\u0131ndan sonra adli kontrol talebi ile n\u00f6bet\u00e7i Sulh Ceza Hakimli\u011fi&#x27;ne sevk edilmi\u015ftir. Kamuoyuna sayg\u0131yla duyurulur. \u0130stanbul Cumhuriyet Ba\u015fsavc\u0131l\u0131\u011f\u0131&quot; denildi.<\/p>\n<p>SERBEST BIRAKILDI<\/p>\n<p>Erman Toro\u011flu hakk\u0131nda, \u2018halk\u0131 yan\u0131lt\u0131c\u0131 bilgiyi alenen yayma\u2019 iddias\u0131yla re\u2019sen soru\u015fturma ba\u015flat\u0131ld\u0131. Savc\u0131l\u0131k ifadesinin ard\u0131ndan mahkemeye sevk edilen Toro\u011flu, adli kontrol \u015fart\u0131yla serbest b\u0131rak\u0131ld\u0131.<\/p>\n<p>Spor yorumcusu ve eski futbol hakemi Erman Toro\u011flu hakk\u0131nda, 8 \u015eubat 2026 tarihinde kat\u0131ld\u0131\u011f\u0131 televizyon program\u0131nda yapt\u0131\u011f\u0131 a\u00e7\u0131klamaya ili\u015fkin \u2018Halk\u0131 Yan\u0131lt\u0131c\u0131 Bilgiyi Alenen Yayma\u2019 iddias\u0131yla re\u2019sen soru\u015fturma ba\u015flat\u0131ld\u0131. \u0130fade i\u015flemlerinin tamamlanmas\u0131n\u0131n ard\u0131ndan Sulh Ceza Hakimli\u011fi\u2019ne sevk edilen Toro\u011flu, &#x27;yurt d\u0131\u015f\u0131 \u00e7\u0131k\u0131\u015f yasa\u011f\u0131&#x27; ve &#x27;imza atma&#x27; \u015feklinde adli kontrol h\u00fck\u00fcmleri uygulanarak serbest b\u0131rak\u0131ld\u0131.<\/p>\n<p>NE DEM\u0130\u015eT\u0130?<\/p>\n<p>Spor yorumcusu Erman Toro\u011flu, kat\u0131ld\u0131\u011f\u0131 bir TV program\u0131nda, \u201cDursun \u00d6zbek, federasyon ba\u015fkan\u0131na gizli g\u00f6r\u00fc\u015fmede \u2018biz bu sene \u015fampiyon olmaya mecburuz durum \u00e7ok k\u00f6t\u00fc, bize yard\u0131mc\u0131 ol destek \u00e7\u0131k\u2019 demi\u015f.\u201d s\u00f6zlerini kullanm\u0131\u015ft\u0131:<\/p>\n<p>T\u00fcrkiye&#x27;den ve D\u00fcnya\u2019dan son dakika haberleri, k\u00f6\u015fe yaz\u0131lar\u0131, magazinden siyasete, spordan seyahate b\u00fct\u00fcn konular\u0131n tek adresi Hurriyet.com.tr haber i\u00e7erikleri izin al\u0131nmadan, kaynak g\u00f6sterilerek dahi iktibas edilemez. Kanuna ayk\u0131r\u0131 ve izinsiz olarak kopyalanamaz, ba\u015fka yerde yay\u0131nlanamaz.<\/p>\n","protected":false},"excerpt":{"rendered":"<p>\u0130stanbul Cumhuriyet Ba\u015fsavc\u0131l\u0131\u011f\u0131, Erman Toro\u011flu hakk\u0131nda &#8216;halk\u0131 yan\u0131lt\u0131c\u0131 bilgiyi alenen yayma&#8217; su\u00e7lamas\u0131yla soru\u015fturma ba\u015flat\u0131ld\u0131\u011f\u0131n\u0131 a\u00e7\u0131klad\u0131. Savc\u0131l\u0131k&#8230;<\/p>\n","protected":false},"author":2,"featured_media":321,"comment_status":"open","ping_status":"open","sticky":false,"template":"","format":"standard","meta":{"footnotes":""},"categories":[8,3],"tags":[],"class_list":["post-322","post","type-post","status-publish","format-standard","has-post-thumbnail","hentry","category-arsiv","category-siyaset"],"_links":{"self":[{"href":"https:\/\/eskigazeteci.com\/index.php?rest_route=\/wp\/v2\/posts\/322","targetHints":{"allow":["GET"]}}],"collection":[{"href":"https:\/\/eskigazeteci.com\/index.php?rest_route=\/wp\/v2\/posts"}],"about":[{"href":"https:\/\/eskigazeteci.com\/index.php?rest_route=\/wp\/v2\/types\/post"}],"author":[{"embeddable":true,"href":"https:\/\/eskigazeteci.com\/index.php?rest_route=\/wp\/v2\/users\/2"}],"replies":[{"embeddable":true,"href":"https:\/\/eskigazeteci.com\/index.php?rest_route=%2Fwp%2Fv2%2Fcomments&post=322"}],"version-history":[{"count":0,"href":"https:\/\/eskigazeteci.com\/index.php?rest_route=\/wp\/v2\/posts\/322\/revisions"}],"wp:featuredmedia":[{"embeddable":true,"href":"https:\/\/eskigazeteci.com\/index.php?rest_route=\/wp\/v2\/media\/321"}],"wp:attachment":[{"href":"https:\/\/eskigazeteci.com\/index.php?rest_route=%2Fwp%2Fv2%2Fmedia&parent=322"}],"wp:term":[{"taxonomy":"category","embeddable":true,"href":"https:\/\/eskigazeteci.com\/index.php?rest_route=%2Fwp%2Fv2%2Fcategories&post=322"},{"taxonomy":"post_tag","embeddable":true,"href":"https:\/\/eskigazeteci.com\/index.php?rest_route=%2Fwp%2Fv2%2Ftags&post=322"}],"curies":[{"name":"wp","href":"https:\/\/api.w.org\/{rel}","templated":true}]}}