{"id":32199,"date":"2026-05-03T14:21:27","date_gmt":"2026-05-03T14:21:27","guid":{"rendered":"https:\/\/eskigazeteci.com\/?p=32199"},"modified":"2026-05-03T14:21:27","modified_gmt":"2026-05-03T14:21:27","slug":"sevenlerini-basina-topladi-1974-model-meshur-otomobil-bakin-kac-liraya-satildi","status":"publish","type":"post","link":"https:\/\/eskigazeteci.com\/?p=32199","title":{"rendered":"Sevenlerini ba\u015f\u0131na toplad\u0131: 1974 model me\u015fhur otomobil bak\u0131n ka\u00e7 liraya sat\u0131ld\u0131"},"content":{"rendered":"<p>Demirci Belediyesi taraf\u0131ndan Camiatik Mahallesi a\u00e7\u0131k pazaryeri alan\u0131nda faaliyete ge\u00e7irilen 2. El Oto Pazar\u0131 , k\u0131sa s\u00fcrede b\u00f6lgenin otomobil ticaret merkezi haline geldi. Hafta sonu kurulan pazara Demirci&#x27;nin yan\u0131 s\u0131ra; K\u00f6pr\u00fcba\u015f\u0131, Selendi, G\u00f6rdes, Salihli ve K\u00fctahya&#x27;n\u0131n Simav il\u00e7esinden \u00e7ok say\u0131da vatanda\u015f kat\u0131l\u0131m sa\u011flad\u0131. Pazar\u0131n en \u00e7ok dikkat \u00e7eken arac\u0131, Salihli il\u00e7esinden getirilen turkuaz mavisi rengindeki 1974 model Renault R12 oldu. Sadece 100 bin kilometrede olan ve orijinalli\u011fiyle g\u00f6z kama\u015ft\u0131ran klasik otomobil , otomobil tutkunlar\u0131n\u0131 ba\u015f\u0131na toplad\u0131. Yap\u0131lan s\u0131k\u0131 pazarl\u0131klar\u0131n ard\u0131ndan antika de\u011ferindeki otomobil, Demircili esnaf \u015eenol Budak taraf\u0131ndan 210 bin TL&#x27;ye sat\u0131n al\u0131nd\u0131.<\/p>\n<p>Salihli&#x27;den oto pazar\u0131na gelen Serkan Sepet\u00e7i, &quot;Demirci&#x27;ye araba pazar\u0131 a\u00e7\u0131ld\u0131. Geldik g\u00f6rd\u00fck, ticaretler gayet g\u00fczel. 1974 model de\u011fi\u015fensiz, 100 bin kilometrede R12 otomobil getirdim pazara&quot; dedi.<\/p>\n<p>2 HAFTADA 60 ARA\u00c7 SATILDI<\/p>\n<p>Dondurucu so\u011fu\u011fa ra\u011fmen yo\u011funlu\u011fun eksik olmad\u0131\u011f\u0131 pazarda, al\u0131c\u0131 ve sat\u0131c\u0131lar aras\u0131nda s\u0131k\u0131 pazarl\u0131klar ya\u015fand\u0131. Pazar\u0131n kuruldu\u011fu ilk iki haftal\u0131k s\u00fcre\u00e7te toplamda 60&#x27;a yak\u0131n arac\u0131n sat\u0131\u015f\u0131 ger\u00e7ekle\u015ftirilerek b\u00f6lge ekonomisine ciddi bir girdi sa\u011fland\u0131. Demirci Belediye&#8230;<\/p>\n","protected":false},"excerpt":{"rendered":"<p>Manisa&#8217;n\u0131n Demirci il\u00e7esinde belediye taraf\u0131ndan faaliyete ge\u00e7irilen 2. El Oto Pazar\u0131, ikinci haftas\u0131nda dondurucu so\u011fu\u011fa ra\u011fmen \u00e7evre il ve il\u00e7elerden gelen&#8230;<\/p>\n","protected":false},"author":2,"featured_media":32198,"comment_status":"open","ping_status":"open","sticky":false,"template":"","format":"standard","meta":{"footnotes":""},"categories":[6,5],"tags":[],"class_list":["post-32199","post","type-post","status-publish","format-standard","has-post-thumbnail","hentry","category-gundem","category-son-dakika"],"_links":{"self":[{"href":"https:\/\/eskigazeteci.com\/index.php?rest_route=\/wp\/v2\/posts\/32199","targetHints":{"allow":["GET"]}}],"collection":[{"href":"https:\/\/eskigazeteci.com\/index.php?rest_route=\/wp\/v2\/posts"}],"about":[{"href":"https:\/\/eskigazeteci.com\/index.php?rest_route=\/wp\/v2\/types\/post"}],"author":[{"embeddable":true,"href":"https:\/\/eskigazeteci.com\/index.php?rest_route=\/wp\/v2\/users\/2"}],"replies":[{"embeddable":true,"href":"https:\/\/eskigazeteci.com\/index.php?rest_route=%2Fwp%2Fv2%2Fcomments&post=32199"}],"version-history":[{"count":0,"href":"https:\/\/eskigazeteci.com\/index.php?rest_route=\/wp\/v2\/posts\/32199\/revisions"}],"wp:featuredmedia":[{"embeddable":true,"href":"https:\/\/eskigazeteci.com\/index.php?rest_route=\/wp\/v2\/media\/32198"}],"wp:attachment":[{"href":"https:\/\/eskigazeteci.com\/index.php?rest_route=%2Fwp%2Fv2%2Fmedia&parent=32199"}],"wp:term":[{"taxonomy":"category","embeddable":true,"href":"https:\/\/eskigazeteci.com\/index.php?rest_route=%2Fwp%2Fv2%2Fcategories&post=32199"},{"taxonomy":"post_tag","embeddable":true,"href":"https:\/\/eskigazeteci.com\/index.php?rest_route=%2Fwp%2Fv2%2Ftags&post=32199"}],"curies":[{"name":"wp","href":"https:\/\/api.w.org\/{rel}","templated":true}]}}