{"id":32197,"date":"2026-05-03T14:19:55","date_gmt":"2026-05-03T14:19:55","guid":{"rendered":"https:\/\/eskigazeteci.com\/?p=32197"},"modified":"2026-05-03T14:19:55","modified_gmt":"2026-05-03T14:19:55","slug":"sirri-sureyya-onder-kabri-basinda-anildi","status":"publish","type":"post","link":"https:\/\/eskigazeteci.com\/?p=32197","title":{"rendered":"S\u0131rr\u0131 S\u00fcreyya \u00d6nder kabri ba\u015f\u0131nda an\u0131ld\u0131"},"content":{"rendered":"<p>T\u00f6rene, \u00d6nder&#x27;in annesi Zeliha \u00d6nder, k\u0131z\u0131 Ceren \u00d6nder Kandemir, karde\u015fi Ali \u00d6nder, TBMM Ba\u015fkanvekili Pervin Buldan, DEM Parti E\u015f Genel Ba\u015fkan\u0131 Tuncer Bak\u0131rhan, baz\u0131 milletvekilleri, yak\u0131nlar\u0131 ve sevenleri kat\u0131ld\u0131.<\/p>\n<p>Kur&#x27;an-\u0131 Kerim okunmas\u0131 ve dualar edilmesinin ard\u0131ndan konu\u015fan Bak\u0131rhan, hem ki\u015fili\u011fi hem de m\u00fccadelesiyle \u00f6nemli bir iz b\u0131rakan \u00d6nder&#x27;in yeri doldurulamaz bir ki\u015fi oldu\u011funu s\u00f6yledi.<\/p>\n<p>Bak\u0131rhan, &quot;T\u00fcrkiye i\u00e7in bar\u0131\u015f i\u00e7in \u00f6nemli bir isimdi. Bunca \u015fey ya\u015fay\u0131p hala g\u00fclebilmek, m\u00fccadele etmek ve umutlu oldu\u011fumuzu g\u00f6stermek kar\u015f\u0131dakileri \u015fa\u015f\u0131rt\u0131yordu. En zor zamanlarda bile bu m\u00fccadeleyi bug\u00fcnlere getirdik.&quot; ifadelerini kulland\u0131.<\/p>\n<p>\u00d6nder&#x27;in bar\u0131\u015f vurgusuna dikkati \u00e7eken Bak\u0131rhan, \u015funlar\u0131 kaydetti:<\/p>\n<p>&quot;Hi\u00e7bir zaman s\u00f6z\u00fcn\u00fc eksiltmedi, hep \u00fczerine koydu. \u0130nsanlar\u0131n bar\u0131\u015f\u0131 dile getirmeye \u00e7ekindi\u011fi d\u00f6nemlerde S\u0131rr\u0131 S\u00fcreyya her zaman bar\u0131\u015fa inand\u0131, bar\u0131\u015f\u0131 savundu, bizi de bar\u0131\u015fa inand\u0131rd\u0131. Bunca bask\u0131 alt\u0131nda bile bar\u0131\u015f\u0131n m\u00fcmk\u00fcn oldu\u011funu bize \u00f6\u011fretti. Anadolu&#x27;da bir s\u00f6z vard\u0131r. &#x27;S\u00f6z\u00fc s\u00f6z etmek.&#x27; As\u0131l olan, s\u00f6z\u00fc s\u00f6z edendir, bar\u0131\u015f\u0131 bar\u0131\u015f edendir. Bizler de s\u00f6z veriyoruz. Siz yolda\u015flar\u0131n huzurunda, onun s\u00f6z\u00fcn\u00fc s\u00f6z edece\u011fiz. Bar\u0131\u015f\u0131 bir g\u00fcn mutlaka bu \u00fclkeye getirece\u011fiz.&quot;<\/p>\n<p>&quot;B\u0130ZE \u00c7OK B\u00dcY\u00dcK&#8230;<\/p>\n","protected":false},"excerpt":{"rendered":"<p>TBMM Ba\u015fkanvekili iken ge\u00e7irdi\u011fi rahats\u0131zl\u0131k sonras\u0131 tedavi g\u00f6rd\u00fc\u011f\u00fc hastanede ya\u015fam\u0131n\u0131 yitiren S\u0131rr\u0131 S\u00fcreyya \u00d6nder, vefat\u0131n\u0131n birinci y\u0131l\u0131nda Zincirlikuyu&#8230;<\/p>\n","protected":false},"author":2,"featured_media":32196,"comment_status":"open","ping_status":"open","sticky":false,"template":"","format":"standard","meta":{"footnotes":""},"categories":[6,5],"tags":[],"class_list":["post-32197","post","type-post","status-publish","format-standard","has-post-thumbnail","hentry","category-gundem","category-son-dakika"],"_links":{"self":[{"href":"https:\/\/eskigazeteci.com\/index.php?rest_route=\/wp\/v2\/posts\/32197","targetHints":{"allow":["GET"]}}],"collection":[{"href":"https:\/\/eskigazeteci.com\/index.php?rest_route=\/wp\/v2\/posts"}],"about":[{"href":"https:\/\/eskigazeteci.com\/index.php?rest_route=\/wp\/v2\/types\/post"}],"author":[{"embeddable":true,"href":"https:\/\/eskigazeteci.com\/index.php?rest_route=\/wp\/v2\/users\/2"}],"replies":[{"embeddable":true,"href":"https:\/\/eskigazeteci.com\/index.php?rest_route=%2Fwp%2Fv2%2Fcomments&post=32197"}],"version-history":[{"count":0,"href":"https:\/\/eskigazeteci.com\/index.php?rest_route=\/wp\/v2\/posts\/32197\/revisions"}],"wp:featuredmedia":[{"embeddable":true,"href":"https:\/\/eskigazeteci.com\/index.php?rest_route=\/wp\/v2\/media\/32196"}],"wp:attachment":[{"href":"https:\/\/eskigazeteci.com\/index.php?rest_route=%2Fwp%2Fv2%2Fmedia&parent=32197"}],"wp:term":[{"taxonomy":"category","embeddable":true,"href":"https:\/\/eskigazeteci.com\/index.php?rest_route=%2Fwp%2Fv2%2Fcategories&post=32197"},{"taxonomy":"post_tag","embeddable":true,"href":"https:\/\/eskigazeteci.com\/index.php?rest_route=%2Fwp%2Fv2%2Ftags&post=32197"}],"curies":[{"name":"wp","href":"https:\/\/api.w.org\/{rel}","templated":true}]}}