{"id":32195,"date":"2026-05-03T14:14:37","date_gmt":"2026-05-03T14:14:37","guid":{"rendered":"https:\/\/eskigazeteci.com\/?p=32195"},"modified":"2026-05-03T14:14:37","modified_gmt":"2026-05-03T14:14:37","slug":"bilal-erdogan-egitimde-dogrudan-kazancin-yaninda-dolayli-kazanclar-da-vardir","status":"publish","type":"post","link":"https:\/\/eskigazeteci.com\/?p=32195","title":{"rendered":"Bilal Erdo\u011fan: E\u011fitimde do\u011frudan kazanc\u0131n yan\u0131nda dolayl\u0131 kazan\u00e7lar da vard\u0131r"},"content":{"rendered":"<p>\u0130lim Yayma \u00d6d\u00fclleri sahibi akademisyenler taraf\u0131ndan 1-3 May\u0131s tarihleri aras\u0131nda ger\u00e7ekle\u015ftirilen &#x27;2. \u0130sti\u015fare Kamp\u0131&#x27; sona erdi. Kamp\u0131n ard\u0131ndan T\u00fcrkiye\u2019nin gelece\u011finin bilimsel bir vizyon ve ortak eylem plan\u0131 etraf\u0131nda ele al\u0131nd\u0131\u011f\u0131 &#x27;B\u00f6lgesel \u0130stikrar \u0130\u00e7in Bilim Diplomasisi&#x27; ba\u015fl\u0131kl\u0131 bildirgenin detaylar\u0131 d\u00fczenlenen bas\u0131n a\u00e7\u0131klamas\u0131yla duyuruldu. \u0130lim Yayma Vakf\u0131 M\u00fctevelli Heyeti Ba\u015fkan\u0131 Bilal Erdo\u011fan\u2019\u0131n ev sahipli\u011finde Silivri\u2019de bir otelde d\u00fczenlenen toplant\u0131ya, \u0130lim Yayma Cemiyeti Genel Ba\u015fkan\u0131 Yusuf T\u00fcl\u00fcn, \u0130lim Yayma \u00d6d\u00fclleri \u00d6d\u00fcl Komisyonu Ba\u015fkan\u0131 Prof. Dr. \u0130dris Sar\u0131soy ile 2019, 2021, 2023 ve 2025 y\u0131llar\u0131nda \u0130lim Yayma \u00d6d\u00fclleri\u2019nde \u00f6d\u00fcl alan akademisyenler kat\u0131ld\u0131. Payla\u015f\u0131m\u0131n ard\u0131ndan &#x27;B\u00f6lgesel \u0130stikrar i\u00e7in Bilim Diplomasisi&#x27; bildirgesini Prof. Dr. \u00d6zcan Erel, Prof. Dr. Bar\u0131\u015f Bayram, Prof. Dr. \u015eener Akt\u00fcrk, Prof. Dr. \u0130dris Sar\u0131soy, Prof. Dr. Fikrettin \u015eahin, Prof. Dr. Mehmet Zahmak\u0131ran, Prof. Dr. \u0130lyas Kemalo\u011flu, Prof. Dr. Zekai \u015een, Prof. Dr. Mustafa Soylak, Do\u00e7. Dr. H\u00fcmeyra \u00d6zturan, Prof. Dr. \u0130brahim Akduman, Prof. Dr. \u0130lhami G\u00fcl\u00e7in ve Prof. Dr. Zekeriya Kur\u015fun imzalad\u0131.<\/p>\n<p>&#x27;\u0130L\u0130M YAYMA \u00d6D\u00dcLLER\u0130\u2019N\u0130 12 \u00d6D\u00dcL\u00dcM\u00dcZLE BERABER BUG\u00dcNLERE GET\u0130RD\u0130K&#x27;<\/p>\n<p>Bas\u0131n a\u00e7\u0131klamas\u0131 yapan Bilal&#8230;<\/p>\n","protected":false},"excerpt":{"rendered":"<p>\u0130lim Yayma Vakf\u0131 taraf\u0131ndan d\u00fczenlenen &#8216;B\u00f6lgesel \u0130stikrar i\u00e7in Bilim Diplomasisi&#8217; sonu\u00e7 bildirgesinin bas\u0131n a\u00e7\u0131klamas\u0131nda konu\u015fan \u0130lim Yayma M\u00fctevelli Heyeti&#8230;<\/p>\n","protected":false},"author":2,"featured_media":32194,"comment_status":"open","ping_status":"open","sticky":false,"template":"","format":"standard","meta":{"footnotes":""},"categories":[6,5],"tags":[],"class_list":["post-32195","post","type-post","status-publish","format-standard","has-post-thumbnail","hentry","category-gundem","category-son-dakika"],"_links":{"self":[{"href":"https:\/\/eskigazeteci.com\/index.php?rest_route=\/wp\/v2\/posts\/32195","targetHints":{"allow":["GET"]}}],"collection":[{"href":"https:\/\/eskigazeteci.com\/index.php?rest_route=\/wp\/v2\/posts"}],"about":[{"href":"https:\/\/eskigazeteci.com\/index.php?rest_route=\/wp\/v2\/types\/post"}],"author":[{"embeddable":true,"href":"https:\/\/eskigazeteci.com\/index.php?rest_route=\/wp\/v2\/users\/2"}],"replies":[{"embeddable":true,"href":"https:\/\/eskigazeteci.com\/index.php?rest_route=%2Fwp%2Fv2%2Fcomments&post=32195"}],"version-history":[{"count":0,"href":"https:\/\/eskigazeteci.com\/index.php?rest_route=\/wp\/v2\/posts\/32195\/revisions"}],"wp:featuredmedia":[{"embeddable":true,"href":"https:\/\/eskigazeteci.com\/index.php?rest_route=\/wp\/v2\/media\/32194"}],"wp:attachment":[{"href":"https:\/\/eskigazeteci.com\/index.php?rest_route=%2Fwp%2Fv2%2Fmedia&parent=32195"}],"wp:term":[{"taxonomy":"category","embeddable":true,"href":"https:\/\/eskigazeteci.com\/index.php?rest_route=%2Fwp%2Fv2%2Fcategories&post=32195"},{"taxonomy":"post_tag","embeddable":true,"href":"https:\/\/eskigazeteci.com\/index.php?rest_route=%2Fwp%2Fv2%2Ftags&post=32195"}],"curies":[{"name":"wp","href":"https:\/\/api.w.org\/{rel}","templated":true}]}}