{"id":32189,"date":"2026-05-03T14:09:57","date_gmt":"2026-05-03T14:09:57","guid":{"rendered":"https:\/\/eskigazeteci.com\/?p=32189"},"modified":"2026-05-03T14:09:57","modified_gmt":"2026-05-03T14:09:57","slug":"galatasarayin-yildizi-errick-mccollumdan-panathinaikos-baskaninin-cezasina-tepki-cok-agir","status":"publish","type":"post","link":"https:\/\/eskigazeteci.com\/?p=32189","title":{"rendered":"Galatasaray&#8217;\u0131n y\u0131ld\u0131z\u0131 Errick McCollum\u2019dan Panathinaikos ba\u015fkan\u0131n\u0131n cezas\u0131na tepki: &#8216;\u00c7ok a\u011f\u0131r!&#8217;"},"content":{"rendered":"<p>EuroLeague Disiplin Kurulu, Panathinaikos Ba\u015fkan\u0131 Dimitris Giannakopoulos&#x27;a 3 ma\u00e7l\u0131k salona giri\u015f yasa\u011f\u0131 ve 10 bin euro para cezas\u0131 verdi.<\/p>\n<p>Galatasaray MCT Technic&#x27;ten Errick McCollum, kat\u0131ld\u0131\u011f\u0131 bir podcast program\u0131nda Giannakopoulos&#x27;a verilen ceza i\u00e7in \u015fu a\u00e7\u0131klamalarda bulundu:<\/p>\n<p>\u201cBence bu ceza \u00e7ok a\u011f\u0131r. Masan\u0131n arkas\u0131nda durup faul istiyor, bir antren\u00f6r\u00fcn yapaca\u011f\u0131ndan farkl\u0131 bir \u015fey yapmad\u0131. Serinin OAKA\u2019da bitece\u011fini bildikleri i\u00e7in onu bilerek Final Four\u2019dan uzakla\u015ft\u0131r\u0131yorlar. B\u00f6ylece Atina\u2019da oynanacak Final Four\u2019a gidemeyecek. Bu adeta y\u00fcz\u00fcne at\u0131lm\u0131\u015f bir yumruk gibi. Kendi \u015fehrinde ve kendi salonunda\u2026 Bu do\u011fru de\u011fil. E\u011fer m\u00fcmk\u00fcnse itiraz edilip cezan\u0131n gelecek sezona ertelenmesi gerekir.<\/p>\n<p>O, EuroLeague\u2019in b\u00fcy\u00fck bir par\u00e7as\u0131. B\u00fcy\u00fck oyuncular getiren ve basketbola katk\u0131 sa\u011flayan kul\u00fcp sahiplerinden biri. OAKA\u2019da yapt\u0131klar\u0131n\u0131 ve salonu nas\u0131l geli\u015ftirdi\u011fini g\u00f6rd\u00fcn\u00fcz. Evet, duygular\u0131n\u0131 kontrol etmesi gerekebilir ama bunlar da duygular. Evet, kontrol edilmeli ama sonu\u00e7ta projeyi b\u00fcy\u00fcten \u015fey de bu. Tak\u0131m Final Four\u2019a giderse ya da daha ileriye ula\u015f\u0131rsa, onu bu hik\u00e2yenin bir par\u00e7as\u0131 olmaktan mahrum b\u0131rakamazs\u0131n\u0131z.&quot;<\/p>\n<p>T\u00fcrkiye&#x27;den ve D\u00fcnya\u2019dan son dakika haberleri, k\u00f6\u015fe yaz\u0131lar\u0131,&#8230;<\/p>\n","protected":false},"excerpt":{"rendered":"<p>Galatasaray MCT Technic&#8217;in ba\u015far\u0131l\u0131 oyuncusu Errick McCollum, EuroLeague&#8217;in Panathinaikos Ba\u015fkan\u0131 Dimitris Giannakopoulos&#8217;a verdi\u011fi cezan\u0131n a\u011f\u0131r oldu\u011funu&#8230;<\/p>\n","protected":false},"author":2,"featured_media":32188,"comment_status":"open","ping_status":"open","sticky":false,"template":"","format":"standard","meta":{"footnotes":""},"categories":[5,7],"tags":[],"class_list":["post-32189","post","type-post","status-publish","format-standard","has-post-thumbnail","hentry","category-son-dakika","category-spor"],"_links":{"self":[{"href":"https:\/\/eskigazeteci.com\/index.php?rest_route=\/wp\/v2\/posts\/32189","targetHints":{"allow":["GET"]}}],"collection":[{"href":"https:\/\/eskigazeteci.com\/index.php?rest_route=\/wp\/v2\/posts"}],"about":[{"href":"https:\/\/eskigazeteci.com\/index.php?rest_route=\/wp\/v2\/types\/post"}],"author":[{"embeddable":true,"href":"https:\/\/eskigazeteci.com\/index.php?rest_route=\/wp\/v2\/users\/2"}],"replies":[{"embeddable":true,"href":"https:\/\/eskigazeteci.com\/index.php?rest_route=%2Fwp%2Fv2%2Fcomments&post=32189"}],"version-history":[{"count":0,"href":"https:\/\/eskigazeteci.com\/index.php?rest_route=\/wp\/v2\/posts\/32189\/revisions"}],"wp:featuredmedia":[{"embeddable":true,"href":"https:\/\/eskigazeteci.com\/index.php?rest_route=\/wp\/v2\/media\/32188"}],"wp:attachment":[{"href":"https:\/\/eskigazeteci.com\/index.php?rest_route=%2Fwp%2Fv2%2Fmedia&parent=32189"}],"wp:term":[{"taxonomy":"category","embeddable":true,"href":"https:\/\/eskigazeteci.com\/index.php?rest_route=%2Fwp%2Fv2%2Fcategories&post=32189"},{"taxonomy":"post_tag","embeddable":true,"href":"https:\/\/eskigazeteci.com\/index.php?rest_route=%2Fwp%2Fv2%2Ftags&post=32189"}],"curies":[{"name":"wp","href":"https:\/\/api.w.org\/{rel}","templated":true}]}}