{"id":32187,"date":"2026-05-03T13:31:26","date_gmt":"2026-05-03T13:31:26","guid":{"rendered":"https:\/\/eskigazeteci.com\/?p=32187"},"modified":"2026-05-03T13:31:26","modified_gmt":"2026-05-03T13:31:26","slug":"esinin-hesap-actigini-gorunce-dehset-sacti-gozu-donmus-koca-kursun-yagdirdi","status":"publish","type":"post","link":"https:\/\/eskigazeteci.com\/?p=32187","title":{"rendered":"E\u015finin hesap a\u00e7t\u0131\u011f\u0131n\u0131 g\u00f6r\u00fcnce deh\u015fet sa\u00e7t\u0131: G\u00f6z\u00fc d\u00f6nm\u00fc\u015f koca kur\u015fun ya\u011fd\u0131rd\u0131"},"content":{"rendered":"<p>Olay, sabah saatlerinde Paland\u00f6ken il\u00e7esinde meydana geldi. S.T., bo\u015fanma a\u015famas\u0131nda oldu\u011fu F.T.\u2019nin (25) Instagram hesab\u0131 a\u00e7t\u0131\u011f\u0131n\u0131 \u00f6\u011frendi. Buna tepki g\u00f6steren S.T. pompal\u0131 t\u00fcfe\u011fi alarak e\u015finin kald\u0131\u011f\u0131 kay\u0131npederinin T\u00fcrbe yolu \u00fczerinde bulunan sitedeki evine gitti.<\/p>\n<p>Site bah\u00e7esine giren S.T. e\u015finin de bulundu\u011fu 7 katl\u0131 apartman\u0131n 1\u2019inci kat\u0131ndaki daireye 4 el ate\u015f etti. Sa\u00e7malar evin balkon cam\u0131 ve bir odan\u0131n penceresine isabet etti. Bu s\u0131rada olay yerine gelen M.T., o\u011flunu sakinle\u015ftirerek elindeki t\u00fcfe\u011fi almaya \u00e7al\u0131\u015ft\u0131.<\/p>\n<p>\u0130hbar \u00fczerine adrese sevk edilen polisleri g\u00f6ren S.T. ka\u00e7t\u0131. B\u00f6lgeyi ablukaya alan ekipler S.T.\u2019yi su\u00e7 aleti pompal\u0131 t\u00fcfekle Af\u015far Sokak\u2019ta yakalad\u0131. S.T. g\u00f6zalt\u0131na al\u0131n\u0131rken, olay yeri inceleme ekipleri yapt\u0131klar\u0131 \u00e7al\u0131\u015fmada site bah\u00e7esinde 3 bo\u015f kartu\u015f buldu.<\/p>\n<p>Bu arada ya\u015fanan olay, vatanda\u015flar taraf\u0131ndan cep telefonuyla kayda al\u0131nd\u0131. G\u00f6r\u00fcnt\u00fclerde, e\u015finin bulundu\u011fu daireye ate\u015f eden S.T.\u2019nin babas\u0131 taraf\u0131ndan engellenmeye \u00e7al\u0131\u015f\u0131ld\u0131\u011f\u0131 yer ald\u0131.<\/p>\n<p>T\u00fcrkiye g\u00fcndeminden son dakika haberleri, bug\u00fcn ya\u015fanan en son geli\u015fmeler, siyaset g\u00fcndeminden g\u00fcncel haberler ve b\u00fct\u00fcn son dakika haberleri i\u00e7in H\u00fcrriyet&#x27;in internet haber sitesi hurriyet.com.tr; Hurriyet.com.tr haber&#8230;<\/p>\n","protected":false},"excerpt":{"rendered":"<p>Erzurum\u2019da bo\u015fanma a\u015famas\u0131nda oldu\u011fu e\u015finin Instagram hesab\u0131 a\u00e7mas\u0131na sinirlenen S.T. (26) kay\u0131npederinin evine pompal\u0131 t\u00fcfekle ate\u015f etti. Olay\u0131n ard\u0131ndan&#8230;<\/p>\n","protected":false},"author":2,"featured_media":32186,"comment_status":"open","ping_status":"open","sticky":false,"template":"","format":"standard","meta":{"footnotes":""},"categories":[6,5],"tags":[],"class_list":["post-32187","post","type-post","status-publish","format-standard","has-post-thumbnail","hentry","category-gundem","category-son-dakika"],"_links":{"self":[{"href":"https:\/\/eskigazeteci.com\/index.php?rest_route=\/wp\/v2\/posts\/32187","targetHints":{"allow":["GET"]}}],"collection":[{"href":"https:\/\/eskigazeteci.com\/index.php?rest_route=\/wp\/v2\/posts"}],"about":[{"href":"https:\/\/eskigazeteci.com\/index.php?rest_route=\/wp\/v2\/types\/post"}],"author":[{"embeddable":true,"href":"https:\/\/eskigazeteci.com\/index.php?rest_route=\/wp\/v2\/users\/2"}],"replies":[{"embeddable":true,"href":"https:\/\/eskigazeteci.com\/index.php?rest_route=%2Fwp%2Fv2%2Fcomments&post=32187"}],"version-history":[{"count":0,"href":"https:\/\/eskigazeteci.com\/index.php?rest_route=\/wp\/v2\/posts\/32187\/revisions"}],"wp:featuredmedia":[{"embeddable":true,"href":"https:\/\/eskigazeteci.com\/index.php?rest_route=\/wp\/v2\/media\/32186"}],"wp:attachment":[{"href":"https:\/\/eskigazeteci.com\/index.php?rest_route=%2Fwp%2Fv2%2Fmedia&parent=32187"}],"wp:term":[{"taxonomy":"category","embeddable":true,"href":"https:\/\/eskigazeteci.com\/index.php?rest_route=%2Fwp%2Fv2%2Fcategories&post=32187"},{"taxonomy":"post_tag","embeddable":true,"href":"https:\/\/eskigazeteci.com\/index.php?rest_route=%2Fwp%2Fv2%2Ftags&post=32187"}],"curies":[{"name":"wp","href":"https:\/\/api.w.org\/{rel}","templated":true}]}}