{"id":32185,"date":"2026-05-03T13:29:53","date_gmt":"2026-05-03T13:29:53","guid":{"rendered":"https:\/\/eskigazeteci.com\/?p=32185"},"modified":"2026-05-03T13:29:53","modified_gmt":"2026-05-03T13:29:53","slug":"cumhurbaskani-yardimcisi-yilmaz-sporun-birlestirici-gucu-ortaya-konuldu","status":"publish","type":"post","link":"https:\/\/eskigazeteci.com\/?p=32185","title":{"rendered":"Cumhurba\u015fkan\u0131 Yard\u0131mc\u0131s\u0131 Y\u0131lmaz: Sporun birle\u015ftirici g\u00fcc\u00fc ortaya konuldu"},"content":{"rendered":"<p>Cumhurba\u015fkan\u0131 Yard\u0131mc\u0131s\u0131 Cevdet Y\u0131lmaz, 61&#x27;inci Cumhurba\u015fkanl\u0131\u011f\u0131 Bisiklet Turu Ankara Etab\u0131&#x27;n\u0131 takip etti. Cumhurba\u015fkanl\u0131\u011f\u0131 K\u00fclliyesi ana binas\u0131 \u00f6n\u00fcnden ba\u015flayan turun start\u0131n\u0131 veren Y\u0131lmaz, 105,2 kilometrelik etab\u0131n ard\u0131ndan Cumhurba\u015fkanl\u0131\u011f\u0131 K\u00fclliyesi&#x27;nde a\u00e7\u0131klama yapt\u0131. Cevdet Y\u0131lmaz, &quot;5 \u015fehir, 20&#x27;den fazla il\u00e7e, 60 civar\u0131nda k\u00f6y, kasaba ve yerle\u015fimden ge\u00e7erek T\u00fcrkiye&#x27;nin g\u00fczelliklerini d\u00fcnyaya tan\u0131tan g\u00fcnler boyunca s\u00fcren bu b\u00fcy\u00fck m\u00fccadele bug\u00fcn ba\u015fkent Ankara&#x27;da, Cumhurba\u015fkanl\u0131\u011f\u0131 K\u00fclliye&#x27;mizde sona ermi\u015f oldu. \u00c7e\u015fme&#x27;den ba\u015flayan yar\u0131\u015f Sel\u00e7uk, Ayd\u0131n, Marmaris, Fethiye, Kemer ve Antalya hatt\u0131ndan Ankara&#x27;ya ula\u015ft\u0131&quot; diye konu\u015ftu.<\/p>\n<p>&#x27;PARKUR, SEMBOL\u0130K OLARAK DA ANLAMLI&#x27;<\/p>\n<p>Y\u0131lmaz, Ankara&#x27;n\u0131n 27 y\u0131l aradan sonra ilk kez etkinli\u011fin &#x27;biti\u015f&#x27; noktas\u0131 olarak ev sahipli\u011fi yapt\u0131\u011f\u0131n\u0131 dile getirerek, &quot;Sporun birle\u015ftirici g\u00fcc\u00fcn\u00fc bir kez daha ortaya koyan bu organizasyon, 27 farkl\u0131 \u00fclkeden sporcular\u0131 ayn\u0131 hedef etraf\u0131nda bulu\u015ftururken centilmenli\u011fin ve rekabetin en g\u00fczel \u00f6rneklerini sahaya yans\u0131tt\u0131. Cumhurba\u015fkanl\u0131\u011f\u0131 K\u00fclliyesi ve An\u0131tkabir aks\u0131ndaki parkur, organizasyonu sportif oldu\u011fu kadar sembolik olarak da \u00e7ok daha anlaml\u0131 hale getirmi\u015f oldu&quot; ifadelerini kulland\u0131.<\/p>\n<p>&#x27;\u00dcLKEM\u0130Z\u0130N TANITIMI ADINA&#8230;<\/p>\n","protected":false},"excerpt":{"rendered":"<p>Cumhurba\u015fkan\u0131 Yard\u0131mc\u0131s\u0131 Cevdet Y\u0131lmaz, 61&#8217;inci Cumhurba\u015fkanl\u0131\u011f\u0131 T\u00fcrkiye Bisiklet Turu&#8217;na ili\u015fkin, Sporun birle\u015ftirici g\u00fcc\u00fcn\u00fc bir kez daha ortaya koyan bu&#8230;<\/p>\n","protected":false},"author":2,"featured_media":32184,"comment_status":"open","ping_status":"open","sticky":false,"template":"","format":"standard","meta":{"footnotes":""},"categories":[6,5],"tags":[],"class_list":["post-32185","post","type-post","status-publish","format-standard","has-post-thumbnail","hentry","category-gundem","category-son-dakika"],"_links":{"self":[{"href":"https:\/\/eskigazeteci.com\/index.php?rest_route=\/wp\/v2\/posts\/32185","targetHints":{"allow":["GET"]}}],"collection":[{"href":"https:\/\/eskigazeteci.com\/index.php?rest_route=\/wp\/v2\/posts"}],"about":[{"href":"https:\/\/eskigazeteci.com\/index.php?rest_route=\/wp\/v2\/types\/post"}],"author":[{"embeddable":true,"href":"https:\/\/eskigazeteci.com\/index.php?rest_route=\/wp\/v2\/users\/2"}],"replies":[{"embeddable":true,"href":"https:\/\/eskigazeteci.com\/index.php?rest_route=%2Fwp%2Fv2%2Fcomments&post=32185"}],"version-history":[{"count":0,"href":"https:\/\/eskigazeteci.com\/index.php?rest_route=\/wp\/v2\/posts\/32185\/revisions"}],"wp:featuredmedia":[{"embeddable":true,"href":"https:\/\/eskigazeteci.com\/index.php?rest_route=\/wp\/v2\/media\/32184"}],"wp:attachment":[{"href":"https:\/\/eskigazeteci.com\/index.php?rest_route=%2Fwp%2Fv2%2Fmedia&parent=32185"}],"wp:term":[{"taxonomy":"category","embeddable":true,"href":"https:\/\/eskigazeteci.com\/index.php?rest_route=%2Fwp%2Fv2%2Fcategories&post=32185"},{"taxonomy":"post_tag","embeddable":true,"href":"https:\/\/eskigazeteci.com\/index.php?rest_route=%2Fwp%2Fv2%2Ftags&post=32185"}],"curies":[{"name":"wp","href":"https:\/\/api.w.org\/{rel}","templated":true}]}}