{"id":32183,"date":"2026-05-03T13:19:50","date_gmt":"2026-05-03T13:19:50","guid":{"rendered":"https:\/\/eskigazeteci.com\/?p=32183"},"modified":"2026-05-03T13:19:50","modified_gmt":"2026-05-03T13:19:50","slug":"japonya-basbakani-sanaeden-anayasa-reformu-cagrisi","status":"publish","type":"post","link":"https:\/\/eskigazeteci.com\/?p=32183","title":{"rendered":"Japonya Ba\u015fbakan\u0131 Sanae&#8217;den Anayasa reformu \u00e7a\u011fr\u0131s\u0131"},"content":{"rendered":"<p>Takai\u00e7i, Anayasa Anma G\u00fcn\u00fc dolay\u0131s\u0131yla anayasa de\u011fi\u015fikli\u011fini destekleyenlerin toplant\u0131s\u0131na video mesaj g\u00f6nderdi.<\/p>\n<p>Japonya Ba\u015fbakan\u0131, \u00fclkenin temel yasas\u0131 olan Anayasa&#x27;n\u0131n &quot;zaman\u0131n gerekliliklerine uygun \u015fekilde periyodik g\u00fcncellenmesi gerekti\u011fini&quot; ifade etti.<\/p>\n<p>Japon Kyodo ajans\u0131n\u0131n haberine g\u00f6re, olas\u0131 anayasa de\u011fi\u015fikliklerini kamuoyuna dikkatli \u015fekilde anlatacaklar\u0131n\u0131 dile getiren Takai\u00e7i, parlamentoda di\u011fer partilerin deste\u011fini alarak karar a\u015famas\u0131na y\u00f6nelik tart\u0131\u015fmalar\u0131 ilerletmek istediklerini belirtti.<\/p>\n<p>Kyodo taraf\u0131ndan yap\u0131lan ankete g\u00f6re, halk\u0131n y\u00fczde 73&#x27;\u00fc anayasa de\u011fi\u015fikli\u011fi s\u00fcrecinde siyasi partiler aras\u0131nda geni\u015f bir uzla\u015f\u0131 sa\u011flanmas\u0131na \u00f6ncelik verilmesi gerekti\u011fini d\u00fc\u015f\u00fcn\u00fcyor.<\/p>\n<p>Ba\u015fbakan Takai\u00e7i, \u00fclkede \u0130kinci D\u00fcnya Sava\u015f\u0131 sonras\u0131 y\u00fcr\u00fcrl\u00fc\u011fe giren Anayasa&#x27;y\u0131 ilk kez de\u011fi\u015ftirmeyi hedefliyor.<\/p>\n<p>Yurtd\u0131\u015f\u0131nda ya\u015fanan en son olaylar, d\u00fcnya g\u00fcndemine oturan d\u0131\u015f haberler, son dakika d\u00fcnya haberleri, di\u011fer d\u00fcnya \u00fclkelerinden g\u00fcncel haberler i\u00e7in T\u00fcrkiye&#x27;nin haber sitesi hurriyet.com.tr; Hurriyet.com.tr haber i\u00e7erikleri kaynak g\u00f6sterilmeden al\u0131nt\u0131 yap\u0131lamaz, Kanuna ayk\u0131r\u0131 ve izinsiz olarak kopyalanamaz, ba\u015fka yerde yay\u0131nlanamaz.<\/p>\n","protected":false},"excerpt":{"rendered":"<p>Japonya Ba\u015fbakan\u0131 Takai\u00e7i Sanae, Anayasa&#8217;da reform yap\u0131lmas\u0131 gerekti\u011fini kaydetti. Sanae, Anayasa&#8217;n\u0131n g\u00fcn\u00fcn ko\u015fullar\u0131na g\u00f6re d\u00fczenlenmesini savundu.<\/p>\n","protected":false},"author":2,"featured_media":32182,"comment_status":"open","ping_status":"open","sticky":false,"template":"","format":"standard","meta":{"footnotes":""},"categories":[6,5],"tags":[],"class_list":["post-32183","post","type-post","status-publish","format-standard","has-post-thumbnail","hentry","category-gundem","category-son-dakika"],"_links":{"self":[{"href":"https:\/\/eskigazeteci.com\/index.php?rest_route=\/wp\/v2\/posts\/32183","targetHints":{"allow":["GET"]}}],"collection":[{"href":"https:\/\/eskigazeteci.com\/index.php?rest_route=\/wp\/v2\/posts"}],"about":[{"href":"https:\/\/eskigazeteci.com\/index.php?rest_route=\/wp\/v2\/types\/post"}],"author":[{"embeddable":true,"href":"https:\/\/eskigazeteci.com\/index.php?rest_route=\/wp\/v2\/users\/2"}],"replies":[{"embeddable":true,"href":"https:\/\/eskigazeteci.com\/index.php?rest_route=%2Fwp%2Fv2%2Fcomments&post=32183"}],"version-history":[{"count":0,"href":"https:\/\/eskigazeteci.com\/index.php?rest_route=\/wp\/v2\/posts\/32183\/revisions"}],"wp:featuredmedia":[{"embeddable":true,"href":"https:\/\/eskigazeteci.com\/index.php?rest_route=\/wp\/v2\/media\/32182"}],"wp:attachment":[{"href":"https:\/\/eskigazeteci.com\/index.php?rest_route=%2Fwp%2Fv2%2Fmedia&parent=32183"}],"wp:term":[{"taxonomy":"category","embeddable":true,"href":"https:\/\/eskigazeteci.com\/index.php?rest_route=%2Fwp%2Fv2%2Fcategories&post=32183"},{"taxonomy":"post_tag","embeddable":true,"href":"https:\/\/eskigazeteci.com\/index.php?rest_route=%2Fwp%2Fv2%2Ftags&post=32183"}],"curies":[{"name":"wp","href":"https:\/\/api.w.org\/{rel}","templated":true}]}}