{"id":32181,"date":"2026-05-03T13:11:22","date_gmt":"2026-05-03T13:11:22","guid":{"rendered":"https:\/\/eskigazeteci.com\/?p=32181"},"modified":"2026-05-03T13:11:22","modified_gmt":"2026-05-03T13:11:22","slug":"cag-acip-cag-kapatti-fatih-vefatinin-545inci-yil-donumunde-kabri-basinda-anildi","status":"publish","type":"post","link":"https:\/\/eskigazeteci.com\/?p=32181","title":{"rendered":"\u00c7a\u011f a\u00e7\u0131p \u00e7a\u011f kapatt\u0131&#8230; Fatih, vefat\u0131n\u0131n 545&#8217;inci y\u0131l d\u00f6n\u00fcm\u00fcnde kabri ba\u015f\u0131nda an\u0131ld\u0131"},"content":{"rendered":"<p>Fatih Sultan Mehmet Han, vefat\u0131n\u0131n 545&#x27;inci y\u0131l d\u00f6n\u00fcm\u00fcnde Fatih Camii haziresinden bulunan kabri ba\u015f\u0131nda t\u00f6ren d\u00fczenlendi. T\u00f6rene \u0130stanbul Valisi Davut G\u00fcl, 1. Ordu Komutan\u0131 Orgeneral Bahtiyar Ersay, \u0130stanbul \u0130l Jandarma Komutan\u0131 Korgeneral Yusuf Kenan Topcu, \u0130stanbul Emniyet M\u00fcd\u00fcr\u00fc Selami Y\u0131ld\u0131z, \u0130stanbul \u0130l K\u00fclt\u00fcr ve Turizm M\u00fcd\u00fcr\u00fc H\u00fcseyin Keskin, \u0130stanbul \u0130l M\u00fcft\u00fcs\u00fc Do\u00e7. Dr. Emrullah Tuncel, Fatih Belediye Ba\u015fkan\u0131 Mehmet Erg\u00fcn Turan, Fatih Kaymakam\u0131 Cafer Sar\u0131l\u0131 ve Fatih \u0130l\u00e7e M\u00fcft\u00fcs\u00fc Abdurrahman \u015eeno\u011flu kat\u0131ld\u0131. T\u00f6rende, Fatih Camii \u0130mam\u0131 Kurra Haf\u0131z Yusuf Y\u0131lmaz taraf\u0131ndan Kur&#x27;an-\u0131 Kerim okundu.<\/p>\n<p>&#x27;FAT\u0130H\u0130N M\u0130RASINI BU \u015eEH\u0130RDE AYNI HASSAS\u0130YETLE DEVAM ETT\u0130R\u0130YORUZ&#x27;<\/p>\n<p>T\u00f6renin ard\u0131ndan konu\u015fan \u0130stanbul Valisi Davut G\u00fcl, &quot; Fatih Sultan Mehmet Han Hazretleri&#x27;nin \u00f6l\u00fcm y\u0131ld\u00f6n\u00fcm\u00fc i\u00e7in bir araya geldik. Kendisine Allah&#x27;tan rahmet diliyoruz. Mek\u00e2n\u0131 cennet olsun. Fatih Sultan Mehmet sadece bir komutan, bir lider, bir devlet adam\u0131 de\u011fildi. Ayn\u0131 zamanda \u00e7a\u011f a\u00e7an \u00e7a\u011f kapatan ve bununla birlikte de yeni bir medeniyet tasavvuru ba\u015flatan bir devlet adam\u0131yd\u0131. Farkl\u0131l\u0131klar\u0131 bir arada ya\u015fatan ilme adalete \u00f6nem veren ve bunlar\u0131 bize miras b\u0131rakan devlet adam\u0131yd\u0131. Bizler de Fatihin miras\u0131n\u0131 bu \u015fehirde&#8230;<\/p>\n","protected":false},"excerpt":{"rendered":"<p>\u0130stanbul&#8217;un fethiyle &#8216;\u00e7a\u011f a\u00e7\u0131p \u00e7a\u011f kapatan&#8217; Fatih Sultan Mehmet, vefat\u0131n\u0131n 545&#8217;inci y\u0131l\u0131nda kabri ba\u015f\u0131nda an\u0131ld\u0131. T\u00f6rende konu\u015fan \u0130stanbul Valisi Davut G\u00fcl,&#8230;<\/p>\n","protected":false},"author":2,"featured_media":32180,"comment_status":"open","ping_status":"open","sticky":false,"template":"","format":"standard","meta":{"footnotes":""},"categories":[6,5],"tags":[],"class_list":["post-32181","post","type-post","status-publish","format-standard","has-post-thumbnail","hentry","category-gundem","category-son-dakika"],"_links":{"self":[{"href":"https:\/\/eskigazeteci.com\/index.php?rest_route=\/wp\/v2\/posts\/32181","targetHints":{"allow":["GET"]}}],"collection":[{"href":"https:\/\/eskigazeteci.com\/index.php?rest_route=\/wp\/v2\/posts"}],"about":[{"href":"https:\/\/eskigazeteci.com\/index.php?rest_route=\/wp\/v2\/types\/post"}],"author":[{"embeddable":true,"href":"https:\/\/eskigazeteci.com\/index.php?rest_route=\/wp\/v2\/users\/2"}],"replies":[{"embeddable":true,"href":"https:\/\/eskigazeteci.com\/index.php?rest_route=%2Fwp%2Fv2%2Fcomments&post=32181"}],"version-history":[{"count":0,"href":"https:\/\/eskigazeteci.com\/index.php?rest_route=\/wp\/v2\/posts\/32181\/revisions"}],"wp:featuredmedia":[{"embeddable":true,"href":"https:\/\/eskigazeteci.com\/index.php?rest_route=\/wp\/v2\/media\/32180"}],"wp:attachment":[{"href":"https:\/\/eskigazeteci.com\/index.php?rest_route=%2Fwp%2Fv2%2Fmedia&parent=32181"}],"wp:term":[{"taxonomy":"category","embeddable":true,"href":"https:\/\/eskigazeteci.com\/index.php?rest_route=%2Fwp%2Fv2%2Fcategories&post=32181"},{"taxonomy":"post_tag","embeddable":true,"href":"https:\/\/eskigazeteci.com\/index.php?rest_route=%2Fwp%2Fv2%2Ftags&post=32181"}],"curies":[{"name":"wp","href":"https:\/\/api.w.org\/{rel}","templated":true}]}}