{"id":32177,"date":"2026-05-03T12:59:52","date_gmt":"2026-05-03T12:59:52","guid":{"rendered":"https:\/\/eskigazeteci.com\/?p=32177"},"modified":"2026-05-03T12:59:52","modified_gmt":"2026-05-03T12:59:52","slug":"istanbulda-supheli-olum-luks-aracinin-icinde-basindan-vurulmus-halde-olu-bulundu","status":"publish","type":"post","link":"https:\/\/eskigazeteci.com\/?p=32177","title":{"rendered":"\u0130stanbul&#8217;da \u015f\u00fcpheli \u00f6l\u00fcm: L\u00fcks arac\u0131n\u0131n i\u00e7inde ba\u015f\u0131ndan vurulmu\u015f halde \u00f6l\u00fc bulundu"},"content":{"rendered":"<p>Olay, saat 12.00 s\u0131ralar\u0131nda Adnan Kahveci Mahallesi, K\u0131\u015fla Caddesi&#x27;nde meydana geldi. Edinilen bilgiye g\u00f6re, arkada\u015flar\u0131 otomobile geldiklerinde Kay\u0131\u015f&#x27;\u0131 ba\u015f\u0131ndan vurulmu\u015f ve hareketsiz halde buldu.<\/p>\n<p>Arkada\u015flar\u0131n\u0131n ihbar\u0131 \u00fczerine olay yerine \u00e7ok say\u0131da polis ve sa\u011fl\u0131k ekibi sevk edildi. Sa\u011fl\u0131k ekiplerinin yapt\u0131\u011f\u0131 kontrollerde Kemal Kay\u0131\u015f&#x27;\u0131n hayat\u0131n\u0131 kaybetti\u011fi belirlendi. Polis ekipleri olay yerini emniyet \u015feridiyle kapatarak otomobil i\u00e7erisinde ve \u00e7evresinde detayl\u0131 inceleme ba\u015flatt\u0131.<\/p>\n<p>\u00d6L\u00dcM\u00dc \u015e\u00dcPHEL\u0130 BULUNDU<\/p>\n<p>Polis ekiplerinin \u00e7al\u0131\u015fmalar\u0131nda ba\u015f\u0131ndan silahla vuruldu\u011fu belirlenen Kemal Kay\u0131\u015f&#x27;\u0131n borcu oldu\u011fu \u00f6\u011frenildi. \u00d6l\u00fcm\u00fc \u015f\u00fcpheli bulunan Kay\u0131\u015f&#x27;\u0131n cenazesi otopsi i\u00e7in Adli T\u0131p Kurumu Morgu&#x27;na kald\u0131r\u0131ld\u0131. Ekiplerin olayla ilgili \u00e7al\u0131\u015fmalar\u0131 s\u00fcr\u00fcyor.<\/p>\n<p>T\u00fcrkiye g\u00fcndeminden son dakika haberleri, bug\u00fcn ya\u015fanan en son geli\u015fmeler, siyaset g\u00fcndeminden g\u00fcncel haberler ve b\u00fct\u00fcn son dakika haberleri i\u00e7in H\u00fcrriyet&#x27;in internet haber sitesi hurriyet.com.tr; Hurriyet.com.tr haber i\u00e7erikleri kaynak g\u00f6sterilmeden al\u0131nt\u0131 yap\u0131lamaz, Kanuna ayk\u0131r\u0131 ve izinsiz olarak kopyalanamaz, ba\u015fka yerde yay\u0131nlanamaz.<\/p>\n","protected":false},"excerpt":{"rendered":"<p>Beylikd\u00fcz\u00fc&#8217;nde Kemal Kay\u0131\u015f (45), park halindeki otomobilinin i\u00e7erisinde ba\u015f\u0131ndan silahla vurulmu\u015f halde \u00f6l\u00fc bulundu. Olayla ilgili soru\u015fturma ba\u015flat\u0131l\u0131rken,&#8230;<\/p>\n","protected":false},"author":2,"featured_media":32176,"comment_status":"open","ping_status":"open","sticky":false,"template":"","format":"standard","meta":{"footnotes":""},"categories":[6,5],"tags":[],"class_list":["post-32177","post","type-post","status-publish","format-standard","has-post-thumbnail","hentry","category-gundem","category-son-dakika"],"_links":{"self":[{"href":"https:\/\/eskigazeteci.com\/index.php?rest_route=\/wp\/v2\/posts\/32177","targetHints":{"allow":["GET"]}}],"collection":[{"href":"https:\/\/eskigazeteci.com\/index.php?rest_route=\/wp\/v2\/posts"}],"about":[{"href":"https:\/\/eskigazeteci.com\/index.php?rest_route=\/wp\/v2\/types\/post"}],"author":[{"embeddable":true,"href":"https:\/\/eskigazeteci.com\/index.php?rest_route=\/wp\/v2\/users\/2"}],"replies":[{"embeddable":true,"href":"https:\/\/eskigazeteci.com\/index.php?rest_route=%2Fwp%2Fv2%2Fcomments&post=32177"}],"version-history":[{"count":0,"href":"https:\/\/eskigazeteci.com\/index.php?rest_route=\/wp\/v2\/posts\/32177\/revisions"}],"wp:featuredmedia":[{"embeddable":true,"href":"https:\/\/eskigazeteci.com\/index.php?rest_route=\/wp\/v2\/media\/32176"}],"wp:attachment":[{"href":"https:\/\/eskigazeteci.com\/index.php?rest_route=%2Fwp%2Fv2%2Fmedia&parent=32177"}],"wp:term":[{"taxonomy":"category","embeddable":true,"href":"https:\/\/eskigazeteci.com\/index.php?rest_route=%2Fwp%2Fv2%2Fcategories&post=32177"},{"taxonomy":"post_tag","embeddable":true,"href":"https:\/\/eskigazeteci.com\/index.php?rest_route=%2Fwp%2Fv2%2Ftags&post=32177"}],"curies":[{"name":"wp","href":"https:\/\/api.w.org\/{rel}","templated":true}]}}