{"id":32175,"date":"2026-05-03T12:54:37","date_gmt":"2026-05-03T12:54:37","guid":{"rendered":"https:\/\/eskigazeteci.com\/?p=32175"},"modified":"2026-05-03T12:54:37","modified_gmt":"2026-05-03T12:54:37","slug":"bakan-goktastan-aile-paylasimi-anadoludan-brukseldeki-turk-mahallesine-bir-oyku","status":"publish","type":"post","link":"https:\/\/eskigazeteci.com\/?p=32175","title":{"rendered":"Bakan G\u00f6kta\u015f&#8217;tan aile payla\u015f\u0131m\u0131: Anadolu&#8217;dan Br\u00fcksel&#8217;deki T\u00fcrk mahallesine bir \u00f6yk\u00fc"},"content":{"rendered":"<p>Bakan G\u00f6kta\u015f , NSosyal hesab\u0131nda &quot;Y\u0131llar \u00f6nce Br\u00fcksel&#x27;de, T\u00fcrk mahallesinde ba\u015flayan bir hikaye\u2026 Foto\u011frafta annem, karde\u015fim, teyzem, day\u0131m ve rahmetli anneannem var.&quot; notuyla ailesinin foto\u011fraf\u0131na yer verdi.<\/p>\n<p>&quot;D\u00d6RT KU\u015eAKTIR ORADA YA\u015eIYORLAR&quot;<\/p>\n<p>Dedesinin o b\u00f6lgede ilk T\u00fcrk esnaflardan biri oldu\u011funu belirten G\u00f6kta\u015f, \u015funlar\u0131 kaydetti:<\/p>\n<p>&quot;Gurbet bir tercih de\u011fil, bir ger\u00e7ekliktir. Bu y\u00fczden Br\u00fcksel&#x27;de esnaf\u0131m\u0131z\u0131 ziyaret etmek, oradaki vatanda\u015flar\u0131m\u0131zla temas kurmak da son derece do\u011fal. D\u00f6rt ku\u015fakt\u0131r orada ya\u015fayan, Anadolu&#x27;nun ba\u011fr\u0131ndan kopup giden vatanda\u015flar\u0131m\u0131z bug\u00fcn bulunduklar\u0131 \u00fclkelerde hem de\u011fer \u00fcreten hem de g\u00fc\u00e7l\u00fc bir temsil ortaya koyan birer k\u00f6pr\u00fcd\u00fcr. T\u00fcrkiye, art\u0131k sadece co\u011frafi s\u0131n\u0131rlarla tarif edilen bir \u00fclke de\u011fil. D\u00fcnyan\u0131n neresinde olursa olsun, bu millete aidiyet hisseden herkes bu b\u00fct\u00fcn\u00fcn par\u00e7as\u0131d\u0131r. Biz de tam olarak bunu yap\u0131yoruz. K\u00f6klerimizle ba\u011f\u0131m\u0131z\u0131 koruyarak, yar\u0131nlara daha g\u00fc\u00e7l\u00fc bir T\u00fcrkiye inanc\u0131yla y\u00fcr\u00fcyoruz.&quot;<\/p>\n<p>T\u00fcrkiye g\u00fcndeminden son dakika haberleri, bug\u00fcn ya\u015fanan en son geli\u015fmeler, siyaset g\u00fcndeminden g\u00fcncel haberler ve b\u00fct\u00fcn son dakika haberleri i\u00e7in H\u00fcrriyet&#x27;in internet haber sitesi hurriyet.com.tr; Hurriyet.com.tr haber i\u00e7erikleri kaynak g\u00f6sterilmeden&#8230;<\/p>\n","protected":false},"excerpt":{"rendered":"<p>Aile ve Sosyal Hizmetler Bakan\u0131 Mahinur \u00d6zdemir G\u00f6kta\u015f, ailesinin Br\u00fcksel&#8217;de T\u00fcrk mahallesinde \u00e7ekilmi\u015f foto\u011fraf\u0131n\u0131 payla\u015farak, Gurbet bir tercih de\u011fil, bir&#8230;<\/p>\n","protected":false},"author":2,"featured_media":32174,"comment_status":"open","ping_status":"open","sticky":false,"template":"","format":"standard","meta":{"footnotes":""},"categories":[6,5],"tags":[],"class_list":["post-32175","post","type-post","status-publish","format-standard","has-post-thumbnail","hentry","category-gundem","category-son-dakika"],"_links":{"self":[{"href":"https:\/\/eskigazeteci.com\/index.php?rest_route=\/wp\/v2\/posts\/32175","targetHints":{"allow":["GET"]}}],"collection":[{"href":"https:\/\/eskigazeteci.com\/index.php?rest_route=\/wp\/v2\/posts"}],"about":[{"href":"https:\/\/eskigazeteci.com\/index.php?rest_route=\/wp\/v2\/types\/post"}],"author":[{"embeddable":true,"href":"https:\/\/eskigazeteci.com\/index.php?rest_route=\/wp\/v2\/users\/2"}],"replies":[{"embeddable":true,"href":"https:\/\/eskigazeteci.com\/index.php?rest_route=%2Fwp%2Fv2%2Fcomments&post=32175"}],"version-history":[{"count":0,"href":"https:\/\/eskigazeteci.com\/index.php?rest_route=\/wp\/v2\/posts\/32175\/revisions"}],"wp:featuredmedia":[{"embeddable":true,"href":"https:\/\/eskigazeteci.com\/index.php?rest_route=\/wp\/v2\/media\/32174"}],"wp:attachment":[{"href":"https:\/\/eskigazeteci.com\/index.php?rest_route=%2Fwp%2Fv2%2Fmedia&parent=32175"}],"wp:term":[{"taxonomy":"category","embeddable":true,"href":"https:\/\/eskigazeteci.com\/index.php?rest_route=%2Fwp%2Fv2%2Fcategories&post=32175"},{"taxonomy":"post_tag","embeddable":true,"href":"https:\/\/eskigazeteci.com\/index.php?rest_route=%2Fwp%2Fv2%2Ftags&post=32175"}],"curies":[{"name":"wp","href":"https:\/\/api.w.org\/{rel}","templated":true}]}}