{"id":32171,"date":"2026-05-03T12:51:28","date_gmt":"2026-05-03T12:51:28","guid":{"rendered":"https:\/\/eskigazeteci.com\/?p=32171"},"modified":"2026-05-03T12:51:28","modified_gmt":"2026-05-03T12:51:28","slug":"alya-ve-deniz-kacirildi","status":"publish","type":"post","link":"https:\/\/eskigazeteci.com\/?p=32171","title":{"rendered":"Alya ve Deniz ka\u00e7\u0131r\u0131ld\u0131!"},"content":{"rendered":"<p>\u201cSERHAT ONUN \u00c7OCU\u011eUYSA\u2026\u201d<\/p>\n<p>Pazartesi ak\u015famlar\u0131 ekran ba\u015f\u0131ndaki her iki izleyiciden birini Kanal D\u2019de bulu\u015fturan Uzak \u015eehir\u2019de tansiyon d\u00fc\u015fm\u00fcyor. M\u00fcjgan\u2019\u0131n, ablas\u0131 Meryem\u2019i \u201cSerhat onun \u00e7ocu\u011fuysa her \u015fey de\u011fi\u015fir\u201d s\u00f6zleriyle ikna etmeye \u00e7al\u0131\u015fmas\u0131, hik\u00e2yede b\u00fcy\u00fck k\u0131r\u0131lmalar ya\u015fanaca\u011f\u0131n\u0131n sinyallerini verdi. Alya\u2019n\u0131n \u201cKorkuyorum&#8230; Ben de endi\u015feliyim. Ne yapaca\u011f\u0131m\u0131 bilmiyorum. Art\u0131k d\u00fc\u015f\u00fcnmek istemiyorum\u201d s\u00f6zleriyle i\u00e7indeki f\u0131rt\u0131nay\u0131 a\u00e7\u0131\u011fa vurmas\u0131 y\u00fcrekleri da\u011flad\u0131.<\/p>\n<p>\u201cC\u0130HAN B\u0130R \u015eEY OLUYOR, KO\u015e!\u201d<\/p>\n<p>Zorlu bir s\u0131navdan ge\u00e7en Cihan ve Alya\u2019n\u0131n yak\u0131nla\u015ft\u0131\u011f\u0131 anlar izleyiciye umut verirken, tan\u0131t\u0131m\u0131n finali bu an\u0131 g\u00f6lgeledi. Alya\u2019n\u0131n kap\u0131 kom\u015fusu Engin \u015eef\u2019in hain plan\u0131yla Alya ve Cihan Deniz, kendilerini b\u00fcy\u00fck bir tehlikenin ortas\u0131nda buldu. Anne-o\u011fulun ka\u00e7\u0131r\u0131lma sahneleri izlenme rekoru k\u0131rd\u0131. \u0130zleyiciler, Alya\u2019n\u0131n \u201cCihan bir \u015fey oluyor. Ne olursun ko\u015f\u201d s\u00f6zlerinin damga vurdu\u011fu tan\u0131t\u0131m sonras\u0131 yeni b\u00f6l\u00fcm i\u00e7in adeta geri say\u0131ma ge\u00e7ti.<\/p>\n<p>AyNa Yap\u0131m imzal\u0131 Uzak \u015eehir , yeni b\u00f6l\u00fcm\u00fcyle pazartesi ak\u015fam\u0131 saat 20.00\u2019de Kanal D \u2019de.<\/p>\n<p>T\u00fcrkiye&#x27;den ve D\u00fcnya\u2019dan son dakika haberleri, k\u00f6\u015fe yaz\u0131lar\u0131, magazinden siyasete, spordan seyahate b\u00fct\u00fcn konular\u0131n tek adresi Hurriyet.com.tr haber i\u00e7erikleri izin&#8230;<\/p>\n","protected":false},"excerpt":{"rendered":"<p>Kanal D\u2019nin fenomen dizisi Uzak \u015eehir\u2019de heyecan doru\u011fa \u00e7\u0131kt\u0131. Yeni b\u00f6l\u00fcm tan\u0131t\u0131m\u0131nda, M\u00fcjgan\u2019\u0131n, ablas\u0131 Meryem\u2019e \u201cCihan Abi\u2019ye ger\u00e7e\u011fi s\u00f6yle\u201d s\u00f6zleri&#8230;<\/p>\n","protected":false},"author":2,"featured_media":32170,"comment_status":"open","ping_status":"open","sticky":false,"template":"","format":"standard","meta":{"footnotes":""},"categories":[6,5],"tags":[],"class_list":["post-32171","post","type-post","status-publish","format-standard","has-post-thumbnail","hentry","category-gundem","category-son-dakika"],"_links":{"self":[{"href":"https:\/\/eskigazeteci.com\/index.php?rest_route=\/wp\/v2\/posts\/32171","targetHints":{"allow":["GET"]}}],"collection":[{"href":"https:\/\/eskigazeteci.com\/index.php?rest_route=\/wp\/v2\/posts"}],"about":[{"href":"https:\/\/eskigazeteci.com\/index.php?rest_route=\/wp\/v2\/types\/post"}],"author":[{"embeddable":true,"href":"https:\/\/eskigazeteci.com\/index.php?rest_route=\/wp\/v2\/users\/2"}],"replies":[{"embeddable":true,"href":"https:\/\/eskigazeteci.com\/index.php?rest_route=%2Fwp%2Fv2%2Fcomments&post=32171"}],"version-history":[{"count":0,"href":"https:\/\/eskigazeteci.com\/index.php?rest_route=\/wp\/v2\/posts\/32171\/revisions"}],"wp:featuredmedia":[{"embeddable":true,"href":"https:\/\/eskigazeteci.com\/index.php?rest_route=\/wp\/v2\/media\/32170"}],"wp:attachment":[{"href":"https:\/\/eskigazeteci.com\/index.php?rest_route=%2Fwp%2Fv2%2Fmedia&parent=32171"}],"wp:term":[{"taxonomy":"category","embeddable":true,"href":"https:\/\/eskigazeteci.com\/index.php?rest_route=%2Fwp%2Fv2%2Fcategories&post=32171"},{"taxonomy":"post_tag","embeddable":true,"href":"https:\/\/eskigazeteci.com\/index.php?rest_route=%2Fwp%2Fv2%2Ftags&post=32171"}],"curies":[{"name":"wp","href":"https:\/\/api.w.org\/{rel}","templated":true}]}}