{"id":32169,"date":"2026-05-03T12:49:53","date_gmt":"2026-05-03T12:49:53","guid":{"rendered":"https:\/\/eskigazeteci.com\/?p=32169"},"modified":"2026-05-03T12:49:53","modified_gmt":"2026-05-03T12:49:53","slug":"bolge-halk-saskin-mayis-ayinda-lapa-lapa-kar-yagdi","status":"publish","type":"post","link":"https:\/\/eskigazeteci.com\/?p=32169","title":{"rendered":"B\u00f6lge halk \u015fa\u015fk\u0131n: May\u0131s ay\u0131nda lapa lapa kar ya\u011fd\u0131"},"content":{"rendered":"<p>Spil Da\u011f\u0131 Milli Park\u0131, bahar aylar\u0131nda k\u0131\u015ftan kalma bir g\u00fcn ya\u015f\u0131yor. B\u00f6lgede etkili olan so\u011fuk hava dalgas\u0131yla birlikte sabaha kar\u015f\u0131 ba\u015flayan kar ya\u011f\u0131\u015f\u0131, k\u0131sa s\u00fcrede Milli Park&#x27;\u0131n zirve noktalar\u0131n\u0131 beyaza b\u00fcr\u00fcd\u00fc.<\/p>\n<p>Spil Da\u011f\u0131 Milli Park\u0131, bahar aylar\u0131nda k\u0131\u015ftan kalma bir g\u00fcn ya\u015f\u0131yor. B\u00f6lgede etkili olan so\u011fuk hava dalgas\u0131yla birlikte sabaha kar\u015f\u0131 ba\u015flayan kar ya\u011f\u0131\u015f\u0131, k\u0131sa s\u00fcrede Milli Park&#x27;\u0131n zirve noktalar\u0131n\u0131 beyaza b\u00fcr\u00fcd\u00fc.<\/p>\n<p>Kar ya\u011f\u0131\u015f\u0131, Turgutalp Mahallesi mevkiinden itibaren etkisini hissettirirken, 900 metre rak\u0131m\u0131n \u00fczerinde kar kal\u0131nl\u0131\u011f\u0131n\u0131n 1 santimetreye ula\u015ft\u0131\u011f\u0131 g\u00f6r\u00fcld\u00fc. Bungalov tipi evlerin yer ald\u0131\u011f\u0131 1210 rak\u0131ml\u0131 Atalan\u0131 mevkiinde ise kar kal\u0131nl\u0131\u011f\u0131 yer yer 3 santimetreyi buldu.<\/p>\n<p>Kar ya\u011f\u0131\u015f\u0131, Turgutalp Mahallesi mevkiinden itibaren etkisini hissettirirken, 900 metre rak\u0131m\u0131n \u00fczerinde kar kal\u0131nl\u0131\u011f\u0131n\u0131n 1 santimetreye ula\u015ft\u0131\u011f\u0131 g\u00f6r\u00fcld\u00fc. Bungalov tipi evlerin yer ald\u0131\u011f\u0131 1210 rak\u0131ml\u0131 Atalan\u0131 mevkiinde ise kar kal\u0131nl\u0131\u011f\u0131 yer yer 3 santimetreyi buldu.<\/p>\n<p>Kar haberini alan do\u011faseverler zirveye ak\u0131n etti. \u0130zmir&#x27;in Bal\u00e7ova il\u00e7esinden kar ya\u011f\u0131\u015f\u0131n\u0131 takip etmek i\u00e7in gelen Onur K\u0131ymet, ya\u015fad\u0131\u011f\u0131 \u015fa\u015fk\u0131nl\u0131\u011f\u0131 \u015fu s\u00f6zlerle anlatt\u0131: &quot;May\u0131s&#x27;ta daha \u00f6nce hi\u00e7 denk gelmedik. Zaten s\u0131k s\u0131k \u00e7\u0131k\u0131yorum bu&#8230;<\/p>\n","protected":false},"excerpt":{"rendered":"<p>Manisa ve \u0130zmir aras\u0131nda yer alan 1517 rak\u0131ml\u0131 Spil Da\u011f\u0131 Milli Park\u0131&#8217;na May\u0131s ay\u0131nda kar ya\u011fd\u0131. Sabaha kar\u015f\u0131 ba\u015flayan ya\u011f\u0131\u015fla birlikte do\u011fa beyaza&#8230;<\/p>\n","protected":false},"author":2,"featured_media":32168,"comment_status":"open","ping_status":"open","sticky":false,"template":"","format":"standard","meta":{"footnotes":""},"categories":[6,5],"tags":[],"class_list":["post-32169","post","type-post","status-publish","format-standard","has-post-thumbnail","hentry","category-gundem","category-son-dakika"],"_links":{"self":[{"href":"https:\/\/eskigazeteci.com\/index.php?rest_route=\/wp\/v2\/posts\/32169","targetHints":{"allow":["GET"]}}],"collection":[{"href":"https:\/\/eskigazeteci.com\/index.php?rest_route=\/wp\/v2\/posts"}],"about":[{"href":"https:\/\/eskigazeteci.com\/index.php?rest_route=\/wp\/v2\/types\/post"}],"author":[{"embeddable":true,"href":"https:\/\/eskigazeteci.com\/index.php?rest_route=\/wp\/v2\/users\/2"}],"replies":[{"embeddable":true,"href":"https:\/\/eskigazeteci.com\/index.php?rest_route=%2Fwp%2Fv2%2Fcomments&post=32169"}],"version-history":[{"count":0,"href":"https:\/\/eskigazeteci.com\/index.php?rest_route=\/wp\/v2\/posts\/32169\/revisions"}],"wp:featuredmedia":[{"embeddable":true,"href":"https:\/\/eskigazeteci.com\/index.php?rest_route=\/wp\/v2\/media\/32168"}],"wp:attachment":[{"href":"https:\/\/eskigazeteci.com\/index.php?rest_route=%2Fwp%2Fv2%2Fmedia&parent=32169"}],"wp:term":[{"taxonomy":"category","embeddable":true,"href":"https:\/\/eskigazeteci.com\/index.php?rest_route=%2Fwp%2Fv2%2Fcategories&post=32169"},{"taxonomy":"post_tag","embeddable":true,"href":"https:\/\/eskigazeteci.com\/index.php?rest_route=%2Fwp%2Fv2%2Ftags&post=32169"}],"curies":[{"name":"wp","href":"https:\/\/api.w.org\/{rel}","templated":true}]}}