{"id":32167,"date":"2026-05-03T12:22:56","date_gmt":"2026-05-03T12:22:56","guid":{"rendered":"https:\/\/eskigazeteci.com\/?p=32167"},"modified":"2026-05-03T12:22:56","modified_gmt":"2026-05-03T12:22:56","slug":"kuyumcu-hirsizligi-kazayla-bitti-caldiklari-altinlari-atip-kactilar","status":"publish","type":"post","link":"https:\/\/eskigazeteci.com\/?p=32167","title":{"rendered":"Kuyumcu h\u0131rs\u0131zl\u0131\u011f\u0131 kazayla bitti&#8230; \u00c7ald\u0131klar\u0131 alt\u0131nlar\u0131 at\u0131p ka\u00e7t\u0131lar"},"content":{"rendered":"<p>Olay, saat 06.00 s\u0131ralar\u0131nda Ere\u011fli il\u00e7esi Atat\u00fcrk Caddesi&#x27;ndeki bir kuyumcuda meydana geldi. 2 motosikletle kuyumcuya gelen kaskl\u0131 4 ki\u015fi, elektronik kepenk ve kap\u0131y\u0131 a\u00e7\u0131p i\u00e7eri girdi. \u015e\u00fcpheliler, k\u0131sa s\u00fcrede i\u015f yerindeki alt\u0131n tak\u0131 ve paralar\u0131 al\u0131p, motosikletle ka\u00e7t\u0131. \u015e\u00fcphelilerden 2\u2019sinin \u00fczerinde bulundu\u011fu motosiklet, Yunus Emre Meydan\u0131&#x27;ndaki kav\u015fakta, ya\u011fmur nedeniyle kayganla\u015fan yolda kaza yapt\u0131. \u015e\u00fcpheliler, \u00e7ald\u0131klar\u0131 alt\u0131n tak\u0131 ve paralar\u0131n oldu\u011fu \u00e7antay\u0131 kaza yerinde b\u0131rak\u0131p, h\u0131zla uzakla\u015ft\u0131. \u0130hbar \u00fczerine adrese \u00e7ok say\u0131da polis ekibi sevk edildi. Polis, \u015f\u00fcphelilerin kimlikleri ile kaza yerinde b\u0131rakt\u0131klar\u0131 tak\u0131lar d\u0131\u015f\u0131nda ba\u015fka tak\u0131 ve para \u00e7al\u0131p \u00e7almad\u0131\u011f\u0131n\u0131 ara\u015ft\u0131r\u0131yor.<\/p>\n<p>1 DAK\u0130KA 36 SAN\u0130YEDE KUYUMCUYU G\u0130R\u0130P ALTINLARI ALIP KA\u00c7MI\u015eLAR<\/p>\n<p>Olaya ili\u015fkin g\u00fcvenlik kameras\u0131 g\u00f6r\u00fcnt\u00fcleri ortaya \u00e7\u0131kt\u0131. Elektronik kepenk ve kap\u0131y\u0131 a\u00e7\u0131p i\u00e7eri giren kaskl\u0131 4 ki\u015finin, 1 dakika 36 saniye i\u00e7inde i\u015f yerinde alt\u0131n ve paralar\u0131 valiz ve \u00e7antalara doldurup ka\u00e7t\u0131\u011f\u0131 anlar i\u015f yerinin g\u00fcvenlik kameras\u0131na yans\u0131d\u0131.<\/p>\n<p>2 MOTOS\u0130KLET \u00c7ARPI\u015eMI\u015e<\/p>\n<p>Soyguncular\u0131n kulland\u0131\u011f\u0131 2 motosiklet, Yunus Emre Kav\u015fa\u011f\u0131&#x27;nda \u00e7arp\u0131\u015ft\u0131. Meydana gelen kaza sonucu \u00e7al\u0131nan alt\u0131nlar\u0131n bir k\u0131sm\u0131 yola savrulurken, \u015f\u00fcpheliler&#8230;<\/p>\n","protected":false},"excerpt":{"rendered":"<p>Konya&#8217;da kepengini a\u00e7\u0131p girdikleri kuyumcudan para ve alt\u0131n alan kaskl\u0131 4 ki\u015fi, motosikletle ka\u00e7arken kaza yapt\u0131. \u015e\u00fcpheliler, i\u00e7inde para ve alt\u0131n olan&#8230;<\/p>\n","protected":false},"author":2,"featured_media":32166,"comment_status":"open","ping_status":"open","sticky":false,"template":"","format":"standard","meta":{"footnotes":""},"categories":[6,5],"tags":[],"class_list":["post-32167","post","type-post","status-publish","format-standard","has-post-thumbnail","hentry","category-gundem","category-son-dakika"],"_links":{"self":[{"href":"https:\/\/eskigazeteci.com\/index.php?rest_route=\/wp\/v2\/posts\/32167","targetHints":{"allow":["GET"]}}],"collection":[{"href":"https:\/\/eskigazeteci.com\/index.php?rest_route=\/wp\/v2\/posts"}],"about":[{"href":"https:\/\/eskigazeteci.com\/index.php?rest_route=\/wp\/v2\/types\/post"}],"author":[{"embeddable":true,"href":"https:\/\/eskigazeteci.com\/index.php?rest_route=\/wp\/v2\/users\/2"}],"replies":[{"embeddable":true,"href":"https:\/\/eskigazeteci.com\/index.php?rest_route=%2Fwp%2Fv2%2Fcomments&post=32167"}],"version-history":[{"count":0,"href":"https:\/\/eskigazeteci.com\/index.php?rest_route=\/wp\/v2\/posts\/32167\/revisions"}],"wp:featuredmedia":[{"embeddable":true,"href":"https:\/\/eskigazeteci.com\/index.php?rest_route=\/wp\/v2\/media\/32166"}],"wp:attachment":[{"href":"https:\/\/eskigazeteci.com\/index.php?rest_route=%2Fwp%2Fv2%2Fmedia&parent=32167"}],"wp:term":[{"taxonomy":"category","embeddable":true,"href":"https:\/\/eskigazeteci.com\/index.php?rest_route=%2Fwp%2Fv2%2Fcategories&post=32167"},{"taxonomy":"post_tag","embeddable":true,"href":"https:\/\/eskigazeteci.com\/index.php?rest_route=%2Fwp%2Fv2%2Ftags&post=32167"}],"curies":[{"name":"wp","href":"https:\/\/api.w.org\/{rel}","templated":true}]}}