{"id":32165,"date":"2026-05-03T12:21:24","date_gmt":"2026-05-03T12:21:24","guid":{"rendered":"https:\/\/eskigazeteci.com\/?p=32165"},"modified":"2026-05-03T12:21:24","modified_gmt":"2026-05-03T12:21:24","slug":"espanyol","status":"publish","type":"post","link":"https:\/\/eskigazeteci.com\/?p=32165","title":{"rendered":"Espanyol"},"content":{"rendered":"<p>RCD Espanyol ile Real Madrid, La Liga 34. haftas\u0131nda kozlar\u0131n\u0131 payla\u015f\u0131yor. Real Madrid ve A Milli Futbol Tak\u0131m\u0131&#x27;m\u0131z\u0131n y\u0131ld\u0131z\u0131 Arda G\u00fcler sakatl\u0131\u011f\u0131 nedeniyle kar\u015f\u0131la\u015fmada yer alamayacak. Peki, Espanyol &#8211; Real Madrid ma\u00e7\u0131 ne zaman, saat ka\u00e7ta, hangi kanalda? La Liga Espanyol Real Madrid ma\u00e7\u0131 muhtemel 11&#x27;ler<\/p>\n<p>ESPANYOL &#8211; REAL MADRID MA\u00c7I SAAT KA\u00c7TA?<\/p>\n<p>Espanyol Real Madrid ma\u00e7\u0131 3 May\u0131s Pazar g\u00fcn\u00fc saat 22:00&#x27;da oynanacak. Kar\u015f\u0131la\u015fma S Sport ekranlar\u0131ndan naklen yay\u0131nlanacak.<\/p>\n<p>MUHTEMEL 11&#x27;LER<\/p>\n<p>Espanyol: Dmitrovic, El Hilali, Calero, Cabrera, Romero, Gonzalez, Exposito, Ngonge, Terrats, Milla, K Garcia<\/p>\n<p>Real Madrid : Lunin, Alexander-Arnold, Rudiger, Huijsen, Mendy, Valverde, Bellingham, Camavinga, Diaz, G Garcia, Vinicius<\/p>\n<p>ARDA G\u00dcLER &#x27;\u0130N KA\u00c7IRACA\u011eI MA\u00c7LAR<\/p>\n<p>Ya\u015fad\u0131\u011f\u0131 sakatl\u0131k sonras\u0131 Arda&#x27;n\u0131n Real Madrid formas\u0131n\u0131 giyemeyece\u011fi ma\u00e7lar da belli oldu.<\/p>\n<p>03.05.2026 &#8211; Espanyol &#8211; Real Madrid<\/p>\n<p>10.05.2026 &#8211; Bercelona &#8211; Real Madrid<\/p>\n<p>14.05.2026 &#8211; Real Madrid &#8211; Real Oviedo<\/p>\n<p>17.05.2026 &#8211; Sevilla &#8211; Real Madrid<\/p>\n<p>24.05.2026 &#8211; Real Madrid &#8211; Athletic Bilbao<\/p>\n<p>T\u00fcrkiye&#x27;den ve D\u00fcnya\u2019dan son dakika haberleri, k\u00f6\u015fe yaz\u0131lar\u0131, magazinden siyasete, spordan seyahate b\u00fct\u00fcn konular\u0131n tek adresi Hurriyet.com.tr haber&#8230;<\/p>\n","protected":false},"excerpt":{"rendered":"<p>La Liga\u2019n\u0131n 34. haftas\u0131nda heyecan Espanyol &#8211; Real Madrid ma\u00e7\u0131 ile devam ediyor. Barcelona \u015fehrindeki RCDE Stadium&#8217;da oynanacak kritik m\u00fccadelede milli&#8230;<\/p>\n","protected":false},"author":2,"featured_media":32164,"comment_status":"open","ping_status":"open","sticky":false,"template":"","format":"standard","meta":{"footnotes":""},"categories":[5,7],"tags":[],"class_list":["post-32165","post","type-post","status-publish","format-standard","has-post-thumbnail","hentry","category-son-dakika","category-spor"],"_links":{"self":[{"href":"https:\/\/eskigazeteci.com\/index.php?rest_route=\/wp\/v2\/posts\/32165","targetHints":{"allow":["GET"]}}],"collection":[{"href":"https:\/\/eskigazeteci.com\/index.php?rest_route=\/wp\/v2\/posts"}],"about":[{"href":"https:\/\/eskigazeteci.com\/index.php?rest_route=\/wp\/v2\/types\/post"}],"author":[{"embeddable":true,"href":"https:\/\/eskigazeteci.com\/index.php?rest_route=\/wp\/v2\/users\/2"}],"replies":[{"embeddable":true,"href":"https:\/\/eskigazeteci.com\/index.php?rest_route=%2Fwp%2Fv2%2Fcomments&post=32165"}],"version-history":[{"count":0,"href":"https:\/\/eskigazeteci.com\/index.php?rest_route=\/wp\/v2\/posts\/32165\/revisions"}],"wp:featuredmedia":[{"embeddable":true,"href":"https:\/\/eskigazeteci.com\/index.php?rest_route=\/wp\/v2\/media\/32164"}],"wp:attachment":[{"href":"https:\/\/eskigazeteci.com\/index.php?rest_route=%2Fwp%2Fv2%2Fmedia&parent=32165"}],"wp:term":[{"taxonomy":"category","embeddable":true,"href":"https:\/\/eskigazeteci.com\/index.php?rest_route=%2Fwp%2Fv2%2Fcategories&post=32165"},{"taxonomy":"post_tag","embeddable":true,"href":"https:\/\/eskigazeteci.com\/index.php?rest_route=%2Fwp%2Fv2%2Ftags&post=32165"}],"curies":[{"name":"wp","href":"https:\/\/api.w.org\/{rel}","templated":true}]}}