{"id":32161,"date":"2026-05-03T12:09:56","date_gmt":"2026-05-03T12:09:56","guid":{"rendered":"https:\/\/eskigazeteci.com\/?p=32161"},"modified":"2026-05-03T12:09:56","modified_gmt":"2026-05-03T12:09:56","slug":"istanbulda-trafikte-gorenleri-tebessum-ettirdi-vatandaslar-telefonuyla-kaydetti","status":"publish","type":"post","link":"https:\/\/eskigazeteci.com\/?p=32161","title":{"rendered":"\u0130stanbul&#8217;da trafikte g\u00f6renleri tebess\u00fcm ettirdi: Vatanda\u015flar telefonuyla kaydetti"},"content":{"rendered":"<p>Sivas&#x27;ta \u00e7ift\u00e7ilik yapan Do\u011fukan Turgut (26), d\u00fcnyaevine girdi\u011fi Sema Turgut&#x27;u (24) s\u00fcsledi\u011fi pembe trakt\u00f6rle almaya gitti.<\/p>\n<p>Sivas&#x27;ta \u00e7ift\u00e7ilik yapan Do\u011fukan Turgut (26), d\u00fcnyaevine girdi\u011fi Sema Turgut&#x27;u (24) s\u00fcsledi\u011fi pembe trakt\u00f6rle almaya gitti.<\/p>\n<p>Ka\u011f\u0131thane&#x27;deki gelin alma merasiminin ard\u0131ndan \u00e7ift, pembe trakt\u00f6r\u00fcn ba\u015f\u0131n\u0131 \u00e7ekti\u011fi konvoy e\u015fli\u011finde Emin\u00f6n\u00fc&#x27;ne hareket etti. \u0130lgi \u00e7eken trakt\u00f6r, vatanda\u015flar taraf\u0131ndan cep telefonlar\u0131yla g\u00f6r\u00fcnt\u00fclendi.<\/p>\n<p>Ka\u011f\u0131thane&#x27;deki gelin alma merasiminin ard\u0131ndan \u00e7ift, pembe trakt\u00f6r\u00fcn ba\u015f\u0131n\u0131 \u00e7ekti\u011fi konvoy e\u015fli\u011finde Emin\u00f6n\u00fc&#x27;ne hareket etti. \u0130lgi \u00e7eken trakt\u00f6r, vatanda\u015flar taraf\u0131ndan cep telefonlar\u0131yla g\u00f6r\u00fcnt\u00fclendi.<\/p>\n<p>&quot;PEMBE TRAKT\u00d6R\u00dcM\u00dcZLE B\u0130R FARKINDALIK PROJES\u0130 YAPTIK&quot; Pembe trakt\u00f6r\u00fcyle daha \u00f6nce sosyal fark\u0131ndal\u0131k \u00e7al\u0131\u015fmas\u0131 yapt\u0131klar\u0131n\u0131 belirten Do\u011fukan Turgut, &quot;\u0130ki y\u0131l \u00f6nce pembe trakt\u00f6r\u00fcm\u00fczle bir fark\u0131ndal\u0131k projesi yapt\u0131k, olduk\u00e7a ilgi g\u00f6rd\u00fc. Ge\u00e7en y\u0131l Konya Tar\u0131m Fuar\u0131&#x27;nda birinci oldu. O zamanlar sevgiliydik, bug\u00fcn evlenmek nasip oldu. Pembe trakt\u00f6r\u00fcm\u00fcz\u00fc \u0130stanbul&#x27;a getirdik. Anadolu&#x27;da ya\u015fayan k\u00f6yl\u00fc \u00e7ocuklar\u0131na k\u0131z verilmemesi gibi bir \u00f6n yarg\u0131 var. \u0130nsanlar k\u00f6yde ya\u015fayaca\u011f\u0131n\u0131z\u0131 duyunca olumsuz yakla\u015fabiliyor. Oysa iki g\u00f6n\u00fcl bir olduktan sonra&#8230;<\/p>\n","protected":false},"excerpt":{"rendered":"<p>Sivas&#8217;tan getirdi\u011fi pembe trakt\u00f6r\u00fc gelin arabas\u0131na \u00e7eviren Do\u011fukan Turgut, Ka\u011f\u0131thane&#8217;de gelini ald\u0131ktan sonra trakt\u00f6rle birlikte Emin\u00f6n\u00fc&#8217;ne gitti. \u0130lgi \u00e7eken&#8230;<\/p>\n","protected":false},"author":2,"featured_media":32160,"comment_status":"open","ping_status":"open","sticky":false,"template":"","format":"standard","meta":{"footnotes":""},"categories":[6,5],"tags":[],"class_list":["post-32161","post","type-post","status-publish","format-standard","has-post-thumbnail","hentry","category-gundem","category-son-dakika"],"_links":{"self":[{"href":"https:\/\/eskigazeteci.com\/index.php?rest_route=\/wp\/v2\/posts\/32161","targetHints":{"allow":["GET"]}}],"collection":[{"href":"https:\/\/eskigazeteci.com\/index.php?rest_route=\/wp\/v2\/posts"}],"about":[{"href":"https:\/\/eskigazeteci.com\/index.php?rest_route=\/wp\/v2\/types\/post"}],"author":[{"embeddable":true,"href":"https:\/\/eskigazeteci.com\/index.php?rest_route=\/wp\/v2\/users\/2"}],"replies":[{"embeddable":true,"href":"https:\/\/eskigazeteci.com\/index.php?rest_route=%2Fwp%2Fv2%2Fcomments&post=32161"}],"version-history":[{"count":0,"href":"https:\/\/eskigazeteci.com\/index.php?rest_route=\/wp\/v2\/posts\/32161\/revisions"}],"wp:featuredmedia":[{"embeddable":true,"href":"https:\/\/eskigazeteci.com\/index.php?rest_route=\/wp\/v2\/media\/32160"}],"wp:attachment":[{"href":"https:\/\/eskigazeteci.com\/index.php?rest_route=%2Fwp%2Fv2%2Fmedia&parent=32161"}],"wp:term":[{"taxonomy":"category","embeddable":true,"href":"https:\/\/eskigazeteci.com\/index.php?rest_route=%2Fwp%2Fv2%2Fcategories&post=32161"},{"taxonomy":"post_tag","embeddable":true,"href":"https:\/\/eskigazeteci.com\/index.php?rest_route=%2Fwp%2Fv2%2Ftags&post=32161"}],"curies":[{"name":"wp","href":"https:\/\/api.w.org\/{rel}","templated":true}]}}