{"id":32159,"date":"2026-05-03T12:03:13","date_gmt":"2026-05-03T12:03:13","guid":{"rendered":"https:\/\/eskigazeteci.com\/?p=32159"},"modified":"2026-05-03T12:03:13","modified_gmt":"2026-05-03T12:03:13","slug":"ak-parti-genel-sekreteri-eyyup-kadir-inandan-chpye-tepki","status":"publish","type":"post","link":"https:\/\/eskigazeteci.com\/?p=32159","title":{"rendered":"AK Parti Genel Sekreteri Eyy\u00fcp Kadir \u0130nan&#8217;dan CHP&#8217;ye tepki"},"content":{"rendered":"<p>\u0130nan, \u00f6zellikle son g\u00fcnlerde g\u00fcndeme getirilen \u0130zmir \u00c7evre Yolu iddialar\u0131na sert tepki g\u00f6stererek, \u201c\u0130zmir \u00c7evre Yolu\u2019nun \u00f6zelle\u015ftirilece\u011fi ve \u00fccretli olaca\u011f\u0131 y\u00f6n\u00fcndeki iddialar k\u00fclliyen iftirad\u0131r. Bu, m\u00fcthi\u015f bir iddia de\u011fil, m\u00fcthi\u015f bir yaland\u0131r. Karayollar\u0131 Genel M\u00fcd\u00fcrl\u00fc\u011f\u00fcm\u00fcz de bu yalanlara noktay\u0131 koymu\u015ftur\u201d ifadelerini kulland\u0131.<\/p>\n<p>\u201cT\u00dcRK\u0130YE G\u00dcVENL\u0130 L\u0130MAN, FIRSATLARI KA\u00c7IRMAYACA\u011eIZ\u201d<\/p>\n<p>K\u00fcresel krizlere ra\u011fmen T\u00fcrkiye\u2019nin g\u00fc\u00e7l\u00fc duru\u015funu vurgulayan \u0130nan, T\u00fcrkiye\u2019nin \u201cg\u00fcvenli liman\u201d rol\u00fcn\u00fcn giderek daha fazla \u00f6ne \u00e7\u0131kt\u0131\u011f\u0131n\u0131 belirtti.<\/p>\n<p>\u0130nan, \u201cBu s\u00fcre\u00e7te \u00fclkemizin \u00f6n\u00fcne \u00e7\u0131kan tarihi f\u0131rsatlar\u0131n ka\u00e7mas\u0131na asla m\u00fcsaade etmeyece\u011fiz. T\u00fcrkiye\u2019yi yat\u0131r\u0131mc\u0131lar i\u00e7in \u00e7ok daha cazip hale getirecek dev ad\u0131mlar\u0131 kararl\u0131l\u0131kla at\u0131yoruz. Bu f\u0131rt\u0131nal\u0131 denizde T\u00fcrkiye gemisini sa\u011f salim limana yana\u015ft\u0131ran en b\u00fcy\u00fck g\u00fcvencemiz, Say\u0131n Recep Tayyip Erdo\u011fan\u2019\u0131n tecr\u00fcbeli liderli\u011fidir\u201d dedi. Ekonomik \u00f6nceliklerinin net oldu\u011funu belirten \u0130nan, \u201cVatanda\u015f\u0131m\u0131z\u0131n a\u015f\u0131n\u0131 ve i\u015fini korumak, esnaf\u0131m\u0131z\u0131n tezg\u00e2h\u0131n\u0131 ayakta tutmak, \u00fcretim \u00e7arklar\u0131n\u0131n d\u00f6nmesini sa\u011flamak ve hayat pahal\u0131l\u0131\u011f\u0131yla amans\u0131z m\u00fccadele etmek en temel \u00f6nceli\u011fimizdir\u201d ifadelerini kulland\u0131.<\/p>\n<p>\u201cDEVLET 3 YILDA ENKAZI KALDIRDI, \u0130ZM\u0130R \u00c7\u00d6P\u00dc&#8230;<\/p>\n","protected":false},"excerpt":{"rendered":"<p>AK Parti Genel Sekreteri ve \u0130zmir Milletvekili Eyy\u00fcp Kadir \u0130nan, \u0130zmir Esnaf ve Sanatk\u00e2rlar Odalar\u0131 Birli\u011fi\u2019nin 27. Ola\u011fan Genel Kurul Toplant\u0131s\u0131\u2019nda yapt\u0131\u011f\u0131&#8230;<\/p>\n","protected":false},"author":2,"featured_media":32158,"comment_status":"open","ping_status":"open","sticky":false,"template":"","format":"standard","meta":{"footnotes":""},"categories":[6,5],"tags":[],"class_list":["post-32159","post","type-post","status-publish","format-standard","has-post-thumbnail","hentry","category-gundem","category-son-dakika"],"_links":{"self":[{"href":"https:\/\/eskigazeteci.com\/index.php?rest_route=\/wp\/v2\/posts\/32159","targetHints":{"allow":["GET"]}}],"collection":[{"href":"https:\/\/eskigazeteci.com\/index.php?rest_route=\/wp\/v2\/posts"}],"about":[{"href":"https:\/\/eskigazeteci.com\/index.php?rest_route=\/wp\/v2\/types\/post"}],"author":[{"embeddable":true,"href":"https:\/\/eskigazeteci.com\/index.php?rest_route=\/wp\/v2\/users\/2"}],"replies":[{"embeddable":true,"href":"https:\/\/eskigazeteci.com\/index.php?rest_route=%2Fwp%2Fv2%2Fcomments&post=32159"}],"version-history":[{"count":0,"href":"https:\/\/eskigazeteci.com\/index.php?rest_route=\/wp\/v2\/posts\/32159\/revisions"}],"wp:featuredmedia":[{"embeddable":true,"href":"https:\/\/eskigazeteci.com\/index.php?rest_route=\/wp\/v2\/media\/32158"}],"wp:attachment":[{"href":"https:\/\/eskigazeteci.com\/index.php?rest_route=%2Fwp%2Fv2%2Fmedia&parent=32159"}],"wp:term":[{"taxonomy":"category","embeddable":true,"href":"https:\/\/eskigazeteci.com\/index.php?rest_route=%2Fwp%2Fv2%2Fcategories&post=32159"},{"taxonomy":"post_tag","embeddable":true,"href":"https:\/\/eskigazeteci.com\/index.php?rest_route=%2Fwp%2Fv2%2Ftags&post=32159"}],"curies":[{"name":"wp","href":"https:\/\/api.w.org\/{rel}","templated":true}]}}