{"id":32157,"date":"2026-05-03T12:01:36","date_gmt":"2026-05-03T12:01:36","guid":{"rendered":"https:\/\/eskigazeteci.com\/?p=32157"},"modified":"2026-05-03T12:01:36","modified_gmt":"2026-05-03T12:01:36","slug":"israilin-alikoydugu-2-aktiviste-gozaltinda-iskence","status":"publish","type":"post","link":"https:\/\/eskigazeteci.com\/?p=32157","title":{"rendered":"\u0130srail&#8217;in al\u0131koydu\u011fu 2 aktiviste g\u00f6zalt\u0131nda i\u015fkence"},"content":{"rendered":"<p>\u0130nsan haklar\u0131 ve hukuk \u00f6rg\u00fct\u00fc &quot;Adalah&quot;tan yap\u0131lan a\u00e7\u0131klamada, A\u015fkelon (Askalan) Sulh Ceza Mahkemesi&#x27;nin al\u0131konulan aktivistler Thiago Avila ve Seyf Ebu Ki\u015fk&#x27;in g\u00f6zalt\u0131 s\u00fcresini 5 May\u0131s&#x27;a kadar uzatma karar\u0131 ald\u0131\u011f\u0131 bildirildi.<\/p>\n<p>A\u00e7\u0131klamaya g\u00f6re, \u0130srail savc\u0131l\u0131\u011f\u0131, uluslararas\u0131 sularda al\u0131konulan aktivistlerin &quot;sava\u015f d\u00f6neminde d\u00fc\u015fmana yard\u0131m&quot;, &quot;yabanc\u0131 ajanla temas&quot;, &quot;ter\u00f6r \u00f6rg\u00fct\u00fc \u00fcyeli\u011fi ve hizmeti&quot; ve &quot;ter\u00f6r \u00f6rg\u00fct\u00fcne m\u00fclk transferi&quot; gibi bir dizi su\u00e7lamayla g\u00f6zalt\u0131 s\u00fcrelerinin 4 g\u00fcn daha uzat\u0131lmas\u0131n\u0131 talep etti.<\/p>\n<p>\u0130srail mahkemesi ise aktivistler Avila ve Ebu Ki\u015fk&#x27;in g\u00f6zalt\u0131 s\u00fcresini 2 g\u00fcn daha uzatt\u0131.<\/p>\n<p>&quot;Adalah&quot; avukatlar\u0131 ise duru\u015fmada yapt\u0131klar\u0131 savunmada, s\u00f6z konusu g\u00f6zalt\u0131 ve yarg\u0131lama s\u00fcrecinin &quot;hukuken kusurlu ve yasa d\u0131\u015f\u0131&quot; oldu\u011funun alt\u0131n\u0131 \u00e7izdi.<\/p>\n<p>\u0130srail&#x27;in uluslararas\u0131 sularda bulunan yabanc\u0131 \u00fclke vatanda\u015flar\u0131na y\u00f6nelik i\u00e7 hukukunu uygulama yetkisi bulunmad\u0131\u011f\u0131n\u0131 vurgulayan avukatlar, &quot;g\u00fcvenlik&quot; bahanesiyle y\u00f6neltilen su\u00e7lamalar\u0131n insani yard\u0131m faaliyetlerini engellemeye y\u00f6nelik &quot;misilleme&quot; niteli\u011fi ta\u015f\u0131d\u0131\u011f\u0131n\u0131 kaydetti.<\/p>\n<p>AKT\u0130V\u0130STLER \u0130\u015eKENCEYE MARUZ KALDIKLARINI S\u00d6YLED\u0130<\/p>\n<p>Avukatlar, derhal ve ko\u015fulsuz serbest b\u0131rak\u0131lmalar\u0131n\u0131 talep ettikleri aktivistlerin darp, tecrit ve g\u00fcnlerce&#8230;<\/p>\n","protected":false},"excerpt":{"rendered":"<p>\u0130srail mahkemesi, K\u00fcresel Sumud Filosu&#8217;ndan ka\u00e7\u0131r\u0131larak sorgulanmak \u00fczere al\u0131konan 2 aktivistin g\u00f6zalt\u0131 s\u00fcresini uzatt\u0131. Avukatlar, aktivistlerin g\u00f6zalt\u0131nda&#8230;<\/p>\n","protected":false},"author":2,"featured_media":32156,"comment_status":"open","ping_status":"open","sticky":false,"template":"","format":"standard","meta":{"footnotes":""},"categories":[6,5],"tags":[],"class_list":["post-32157","post","type-post","status-publish","format-standard","has-post-thumbnail","hentry","category-gundem","category-son-dakika"],"_links":{"self":[{"href":"https:\/\/eskigazeteci.com\/index.php?rest_route=\/wp\/v2\/posts\/32157","targetHints":{"allow":["GET"]}}],"collection":[{"href":"https:\/\/eskigazeteci.com\/index.php?rest_route=\/wp\/v2\/posts"}],"about":[{"href":"https:\/\/eskigazeteci.com\/index.php?rest_route=\/wp\/v2\/types\/post"}],"author":[{"embeddable":true,"href":"https:\/\/eskigazeteci.com\/index.php?rest_route=\/wp\/v2\/users\/2"}],"replies":[{"embeddable":true,"href":"https:\/\/eskigazeteci.com\/index.php?rest_route=%2Fwp%2Fv2%2Fcomments&post=32157"}],"version-history":[{"count":0,"href":"https:\/\/eskigazeteci.com\/index.php?rest_route=\/wp\/v2\/posts\/32157\/revisions"}],"wp:featuredmedia":[{"embeddable":true,"href":"https:\/\/eskigazeteci.com\/index.php?rest_route=\/wp\/v2\/media\/32156"}],"wp:attachment":[{"href":"https:\/\/eskigazeteci.com\/index.php?rest_route=%2Fwp%2Fv2%2Fmedia&parent=32157"}],"wp:term":[{"taxonomy":"category","embeddable":true,"href":"https:\/\/eskigazeteci.com\/index.php?rest_route=%2Fwp%2Fv2%2Fcategories&post=32157"},{"taxonomy":"post_tag","embeddable":true,"href":"https:\/\/eskigazeteci.com\/index.php?rest_route=%2Fwp%2Fv2%2Ftags&post=32157"}],"curies":[{"name":"wp","href":"https:\/\/api.w.org\/{rel}","templated":true}]}}