{"id":32155,"date":"2026-05-03T12:00:01","date_gmt":"2026-05-03T12:00:01","guid":{"rendered":"https:\/\/eskigazeteci.com\/?p=32155"},"modified":"2026-05-03T12:00:01","modified_gmt":"2026-05-03T12:00:01","slug":"besiktas-istiyor-transfer-icin-tek-sart-var","status":"publish","type":"post","link":"https:\/\/eskigazeteci.com\/?p=32155","title":{"rendered":"Be\u015fikta\u015f istiyor! Transfer i\u00e7in tek \u015fart var"},"content":{"rendered":"<p>Yeni sezon i\u00e7in transfer \u00e7al\u0131\u015fmalar\u0131n\u0131 s\u00fcrd\u00fcren Be\u015fikta\u015f , sol kanat hatt\u0131n\u0131 g\u00fc\u00e7lendirmeyi \u00f6ncelikli hedeflerden biri olarak belirledi. Siyah-Beyazl\u0131lar\u2019\u0131n daha \u00f6nce de g\u00fcndemine ald\u0131\u011f\u0131 Sassuolo formas\u0131 giyen Armand Lauriente , yeniden listenin \u00fcst s\u0131ralar\u0131na ta\u015f\u0131nd\u0131.<\/p>\n<p>SASSUOLO 20 \u0130ST\u0130YOR<\/p>\n<p>Y\u00f6netimin, Frans\u0131z oyuncunun durumunu yak\u0131ndan takip etti\u011fi \u00f6\u011frenildi. \u0130talyan kul\u00fcb\u00fcn\u00fcn 27 ya\u015f\u0131ndaki futbolcu i\u00e7in yakla\u015f\u0131k 20 milyon Euro\u2019luk bonservis talep etti\u011fi ifade edilirken, Be\u015fikta\u015f cephesinin bu rakam\u0131 y\u00fcksek buldu\u011fu belirtildi. Kara Kartal\u2019\u0131n, \u00c7izme temsilcisinin indirime gitmesi halinde resmi temaslara ba\u015flamay\u0131 planlad\u0131\u011f\u0131 aktar\u0131ld\u0131.<\/p>\n<p>TEK \u015eART VAR<\/p>\n<p>Bu sezon \u0130talyan ekibiyle 35 ma\u00e7a \u00e7\u0131kan Lauriente, 5 gol ve 8 asistlik katk\u0131 sa\u011flayarak istikrarl\u0131 bir performans sergiledi. Hem sol hem sa\u011f kanatta g\u00f6rev yapabilen, gerekti\u011finde santrfor olarak da oynayabilen Frans\u0131z futbolcu, \u00e7ok y\u00f6nl\u00fc yap\u0131s\u0131yla dikkat \u00e7ekiyor. Kariyerinde Orleans, Rennes ve Lorient formalar\u0131 da giyen Lauriente\u2019nin g\u00fcncel piyasa de\u011ferinin 18 milyon Euro seviyesinde oldu\u011fu belirtildi. Be\u015fikta\u015f y\u00f6netimi, \u015fartlar\u0131n olu\u015fmas\u0131 halinde bu transfer i\u00e7in yeniden harekete ge\u00e7meye haz\u0131rlan\u0131yor.<\/p>\n<p>T\u00fcrkiye&#x27;den ve D\u00fcnya\u2019dan son&#8230;<\/p>\n","protected":false},"excerpt":{"rendered":"<p>Gelecek sezonun kadro planlamas\u0131 do\u011frultusunda \u00e7al\u0131\u015fan Be\u015fikta\u015f, kanat b\u00f6lgesi i\u00e7in rotas\u0131n\u0131 \u0130talya&#8217;ya \u00e7evirdi.<\/p>\n","protected":false},"author":2,"featured_media":32154,"comment_status":"open","ping_status":"open","sticky":false,"template":"","format":"standard","meta":{"footnotes":""},"categories":[5,7],"tags":[],"class_list":["post-32155","post","type-post","status-publish","format-standard","has-post-thumbnail","hentry","category-son-dakika","category-spor"],"_links":{"self":[{"href":"https:\/\/eskigazeteci.com\/index.php?rest_route=\/wp\/v2\/posts\/32155","targetHints":{"allow":["GET"]}}],"collection":[{"href":"https:\/\/eskigazeteci.com\/index.php?rest_route=\/wp\/v2\/posts"}],"about":[{"href":"https:\/\/eskigazeteci.com\/index.php?rest_route=\/wp\/v2\/types\/post"}],"author":[{"embeddable":true,"href":"https:\/\/eskigazeteci.com\/index.php?rest_route=\/wp\/v2\/users\/2"}],"replies":[{"embeddable":true,"href":"https:\/\/eskigazeteci.com\/index.php?rest_route=%2Fwp%2Fv2%2Fcomments&post=32155"}],"version-history":[{"count":0,"href":"https:\/\/eskigazeteci.com\/index.php?rest_route=\/wp\/v2\/posts\/32155\/revisions"}],"wp:featuredmedia":[{"embeddable":true,"href":"https:\/\/eskigazeteci.com\/index.php?rest_route=\/wp\/v2\/media\/32154"}],"wp:attachment":[{"href":"https:\/\/eskigazeteci.com\/index.php?rest_route=%2Fwp%2Fv2%2Fmedia&parent=32155"}],"wp:term":[{"taxonomy":"category","embeddable":true,"href":"https:\/\/eskigazeteci.com\/index.php?rest_route=%2Fwp%2Fv2%2Fcategories&post=32155"},{"taxonomy":"post_tag","embeddable":true,"href":"https:\/\/eskigazeteci.com\/index.php?rest_route=%2Fwp%2Fv2%2Ftags&post=32155"}],"curies":[{"name":"wp","href":"https:\/\/api.w.org\/{rel}","templated":true}]}}