{"id":32151,"date":"2026-05-03T11:44:21","date_gmt":"2026-05-03T11:44:21","guid":{"rendered":"https:\/\/eskigazeteci.com\/?p=32151"},"modified":"2026-05-03T11:44:21","modified_gmt":"2026-05-03T11:44:21","slug":"kuveyt-disisleri-bakani-cerrah-el","status":"publish","type":"post","link":"https:\/\/eskigazeteci.com\/?p=32151","title":{"rendered":"Kuveyt D\u0131\u015fi\u015fleri Bakan\u0131 Cerrah el"},"content":{"rendered":"<p>D\u0131\u015fi\u015fleri Bakanl\u0131\u011f\u0131 kaynaklar\u0131ndan edinilen bilgiye g\u00f6re Fidan&#x27;\u0131n, Kuveytli mevkida\u015f\u0131yla yapaca\u011f\u0131 g\u00f6r\u00fc\u015fmede iki \u00fclke aras\u0131ndaki ili\u015fkilerin daha ileri d\u00fczeye ta\u015f\u0131nmas\u0131n\u0131 teminen tesis edilen mekanizmalar\u0131n g\u00fc\u00e7lendirilmesine y\u00f6nelik ad\u0131mlar\u0131 ele alaca\u011f\u0131 \u00f6ng\u00f6r\u00fcl\u00fcyor.<\/p>\n<p>B\u00f6lgedeki g\u00fcncel geli\u015fmeler \u00e7er\u00e7evesinde ba\u015fta askeri ve savunma ile ba\u011flant\u0131sall\u0131k alanlar\u0131ndaki i\u015fbirli\u011finin \u00f6nemini vurgulamas\u0131 beklenen Fidan&#x27;\u0131n, artan b\u00f6lgesel ve k\u00fcresel s\u0131namalar kar\u015f\u0131s\u0131nda birlikte hareket edilmesinin ve b\u00f6lgesel sahiplenme anlay\u0131\u015f\u0131n\u0131n tahkim edilmesinin gereklili\u011fine dikkati \u00e7ekece\u011fi de\u011ferlendiriliyor.<\/p>\n<p>Fidan&#x27;\u0131n ABD ile \u0130ran aras\u0131ndaki m\u00fczakerelerin olumlu sonu\u00e7lanmas\u0131 ve sava\u015f\u0131n bir an \u00f6nce sona erdirilmesi i\u00e7in T\u00fcrkiye&#x27;nin taraflarla s\u00fcrekli temas halinde oldu\u011funu ve devam eden s\u00fcrece yap\u0131c\u0131 katk\u0131 sunmay\u0131 s\u00fcrd\u00fcrd\u00fc\u011f\u00fcn\u00fc dile getirmesi, K\u00f6rfez&#x27;de \u0130ran&#x27;\u0131n sald\u0131r\u0131lar\u0131na en fazla hedef olan \u00fclkelerden Kuveyt&#x27;in sa\u011fduyuyla hareket etmesinin sava\u015f\u0131n yay\u0131lmas\u0131n\u0131 engelledi\u011fini kaydetmesi bekleniyor.<\/p>\n<p>H\u00fcrm\u00fcz Bo\u011faz\u0131&#x27;nda seyr\u00fcsefer serbestisinin kal\u0131c\u0131 olarak yeniden tesisinin \u00f6nem arz etti\u011fini yineleyecek Fidan&#x27;\u0131n, \u0130srail&#x27;in istikrars\u0131zl\u0131k ve \u00e7at\u0131\u015fmalar\u0131 b\u00f6lgeye yayma politikalar\u0131n\u0131 s\u00fcrd\u00fcrd\u00fc\u011f\u00fcn\u00fc ifade&#8230;<\/p>\n","protected":false},"excerpt":{"rendered":"<p>Kuveyt D\u0131\u015fi\u015fleri Bakan\u0131 Cerrah el-Ahmed es-Sabah, yar\u0131n T\u00fcrkiye&#8217;ye ziyaret ger\u00e7ekle\u015ftirerek D\u0131\u015fi\u015fleri Bakan\u0131 Hakan Fidan ile g\u00f6r\u00fc\u015fecek.<\/p>\n","protected":false},"author":2,"featured_media":32150,"comment_status":"open","ping_status":"open","sticky":false,"template":"","format":"standard","meta":{"footnotes":""},"categories":[6,5],"tags":[],"class_list":["post-32151","post","type-post","status-publish","format-standard","has-post-thumbnail","hentry","category-gundem","category-son-dakika"],"_links":{"self":[{"href":"https:\/\/eskigazeteci.com\/index.php?rest_route=\/wp\/v2\/posts\/32151","targetHints":{"allow":["GET"]}}],"collection":[{"href":"https:\/\/eskigazeteci.com\/index.php?rest_route=\/wp\/v2\/posts"}],"about":[{"href":"https:\/\/eskigazeteci.com\/index.php?rest_route=\/wp\/v2\/types\/post"}],"author":[{"embeddable":true,"href":"https:\/\/eskigazeteci.com\/index.php?rest_route=\/wp\/v2\/users\/2"}],"replies":[{"embeddable":true,"href":"https:\/\/eskigazeteci.com\/index.php?rest_route=%2Fwp%2Fv2%2Fcomments&post=32151"}],"version-history":[{"count":0,"href":"https:\/\/eskigazeteci.com\/index.php?rest_route=\/wp\/v2\/posts\/32151\/revisions"}],"wp:featuredmedia":[{"embeddable":true,"href":"https:\/\/eskigazeteci.com\/index.php?rest_route=\/wp\/v2\/media\/32150"}],"wp:attachment":[{"href":"https:\/\/eskigazeteci.com\/index.php?rest_route=%2Fwp%2Fv2%2Fmedia&parent=32151"}],"wp:term":[{"taxonomy":"category","embeddable":true,"href":"https:\/\/eskigazeteci.com\/index.php?rest_route=%2Fwp%2Fv2%2Fcategories&post=32151"},{"taxonomy":"post_tag","embeddable":true,"href":"https:\/\/eskigazeteci.com\/index.php?rest_route=%2Fwp%2Fv2%2Ftags&post=32151"}],"curies":[{"name":"wp","href":"https:\/\/api.w.org\/{rel}","templated":true}]}}