{"id":32145,"date":"2026-05-03T11:39:43","date_gmt":"2026-05-03T11:39:43","guid":{"rendered":"https:\/\/eskigazeteci.com\/?p=32145"},"modified":"2026-05-03T11:39:43","modified_gmt":"2026-05-03T11:39:43","slug":"bim-aktuel-urunler-katalogu-bu-hafta-neler-getiriyor","status":"publish","type":"post","link":"https:\/\/eskigazeteci.com\/?p=32145","title":{"rendered":"Bim akt\u00fcel \u00fcr\u00fcnler katalo\u011fu bu hafta neler getiriyor?"},"content":{"rendered":"<p>B\u0130M\u2019in \u00fcr\u00fcnleri May\u0131s ay\u0131n\u0131n ilk haftas\u0131n\u0131 kapsayan yeni akt\u00fcel katalo\u011fu olduk\u00e7a zengin bir i\u00e7erikle yay\u0131nland\u0131. Bu hafta Cuma g\u00fcn\u00fc \u00f6zellikle temel teknolojik mutfak \u00fcr\u00fcnlerinde ciddi indirimler g\u00f6ze \u00e7arp\u0131yor. Temizlik \u00fcr\u00fcnlerinden elektroni\u011fe, kamp malzemelerinden mutfak gere\u00e7lerine kadar \u00f6ne \u00e7\u0131kan indirimli \u00fcr\u00fcnleri ve fiyat listesini a\u015fa\u011f\u0131da bulabilirsin. Bim&#x27;in \u00fcr\u00fcnleri ayn\u0131 zamanda bim onlie al\u0131\u015fveri\u015f sitesinden de temin edilebilecek. Peki, bim&#x27;de bu hafta neler var? \u0130\u015fte Bim akt\u00fcel 5-6-8 May\u0131s 2026 katalo\u011fu ve bim akt\u00fcel katalo\u011fu fiyat listesi tamam\u0131<\/p>\n<p>B\u0130M\u2019in \u00fcr\u00fcnleri May\u0131s ay\u0131n\u0131n ilk haftas\u0131n\u0131 kapsayan yeni akt\u00fcel katalo\u011fu olduk\u00e7a zengin bir i\u00e7erikle yay\u0131nland\u0131. Bu hafta Cuma g\u00fcn\u00fc \u00f6zellikle temel teknolojik mutfak \u00fcr\u00fcnlerinde ciddi indirimler g\u00f6ze \u00e7arp\u0131yor. Temizlik \u00fcr\u00fcnlerinden elektroni\u011fe, kamp malzemelerinden mutfak gere\u00e7lerine kadar \u00f6ne \u00e7\u0131kan indirimli \u00fcr\u00fcnleri ve fiyat listesini a\u015fa\u011f\u0131da bulabilirsin. Bim&#x27;in \u00fcr\u00fcnleri ayn\u0131 zamanda bim onlie al\u0131\u015fveri\u015f sitesinden de temin edilebilecek. Peki, bim&#x27;de bu hafta neler var? \u0130\u015fte Bim akt\u00fcel 5-6-8 May\u0131s 2026 katalo\u011fu ve bim akt\u00fcel katalo\u011fu fiyat listesi tamam\u0131<\/p>\n<p>Efsane Yerli Pilavl\u0131k Pirin\u00e7 (5 kg): 275 TL Tat Domates Sal\u00e7as\u0131 (1500&#8230;<\/p>\n","protected":false},"excerpt":{"rendered":"<p>B\u0130M&#8217;de bu hafta katalo\u011fu \u00fcr\u00fcnleri al\u0131\u015fveri\u015f severlerin be\u011fenisine sunuldu. \u0130lk \u00f6nce bim akt\u00fcel 5 May\u0131s Sal\u0131, 6 May\u0131s \u00c7ar\u015famva ve ard\u0131ndan Cuma g\u00fcn\u00fc \u00f6zel bim&#8230;<\/p>\n","protected":false},"author":2,"featured_media":32144,"comment_status":"open","ping_status":"open","sticky":false,"template":"","format":"standard","meta":{"footnotes":""},"categories":[6,5],"tags":[],"class_list":["post-32145","post","type-post","status-publish","format-standard","has-post-thumbnail","hentry","category-gundem","category-son-dakika"],"_links":{"self":[{"href":"https:\/\/eskigazeteci.com\/index.php?rest_route=\/wp\/v2\/posts\/32145","targetHints":{"allow":["GET"]}}],"collection":[{"href":"https:\/\/eskigazeteci.com\/index.php?rest_route=\/wp\/v2\/posts"}],"about":[{"href":"https:\/\/eskigazeteci.com\/index.php?rest_route=\/wp\/v2\/types\/post"}],"author":[{"embeddable":true,"href":"https:\/\/eskigazeteci.com\/index.php?rest_route=\/wp\/v2\/users\/2"}],"replies":[{"embeddable":true,"href":"https:\/\/eskigazeteci.com\/index.php?rest_route=%2Fwp%2Fv2%2Fcomments&post=32145"}],"version-history":[{"count":0,"href":"https:\/\/eskigazeteci.com\/index.php?rest_route=\/wp\/v2\/posts\/32145\/revisions"}],"wp:featuredmedia":[{"embeddable":true,"href":"https:\/\/eskigazeteci.com\/index.php?rest_route=\/wp\/v2\/media\/32144"}],"wp:attachment":[{"href":"https:\/\/eskigazeteci.com\/index.php?rest_route=%2Fwp%2Fv2%2Fmedia&parent=32145"}],"wp:term":[{"taxonomy":"category","embeddable":true,"href":"https:\/\/eskigazeteci.com\/index.php?rest_route=%2Fwp%2Fv2%2Fcategories&post=32145"},{"taxonomy":"post_tag","embeddable":true,"href":"https:\/\/eskigazeteci.com\/index.php?rest_route=%2Fwp%2Fv2%2Ftags&post=32145"}],"curies":[{"name":"wp","href":"https:\/\/api.w.org\/{rel}","templated":true}]}}