{"id":32143,"date":"2026-05-03T11:33:03","date_gmt":"2026-05-03T11:33:03","guid":{"rendered":"https:\/\/eskigazeteci.com\/?p=32143"},"modified":"2026-05-03T11:33:03","modified_gmt":"2026-05-03T11:33:03","slug":"disisleri-bakani-hakan-fidan-ummanli-mevkidasi-al-busaidi-ile-gorustu","status":"publish","type":"post","link":"https:\/\/eskigazeteci.com\/?p=32143","title":{"rendered":"D\u0131\u015fi\u015fleri Bakan\u0131 Hakan Fidan, Ummanl\u0131 mevkida\u015f\u0131 Al Busaidi ile g\u00f6r\u00fc\u015ft\u00fc"},"content":{"rendered":"<p>Bakanl\u0131k kaynaklar\u0131ndan al\u0131nan bilgilere g\u00f6re, D\u0131\u015fi\u015fleri Bakan\u0131 Hakan Fidan , Umman D\u0131\u015fi\u015fleri Bakan\u0131 Sayyid Badr Al Busaidi ile bug\u00fcn bir telefon g\u00f6r\u00fc\u015fmesi ger\u00e7ekle\u015ftirdi.<\/p>\n<p>G\u00f6r\u00fc\u015fmede, \u0130ran ile ABD aras\u0131ndaki m\u00fczakere s\u00fcrecindeki son durum ele al\u0131nd\u0131.<\/p>\n<p>Busaidi, \u0130ran D\u0131\u015fi\u015fleri Bakan\u0131 Abbas Arak\u00e7i ile ABD-\u0130srail ile \u0130ran aras\u0131ndaki sava\u015f\u0131 sona erdirme y\u00f6n\u00fcndeki diplomatik giri\u015fimler hakk\u0131nda g\u00f6r\u00fc\u015f al\u0131\u015fveri\u015finde bulunmu\u015ftu.<\/p>\n<p>Yurtd\u0131\u015f\u0131nda ya\u015fanan en son olaylar, d\u00fcnya g\u00fcndemine oturan d\u0131\u015f haberler, son dakika d\u00fcnya haberleri, di\u011fer d\u00fcnya \u00fclkelerinden g\u00fcncel haberler i\u00e7in T\u00fcrkiye&#x27;nin haber sitesi hurriyet.com.tr; Hurriyet.com.tr haber i\u00e7erikleri kaynak g\u00f6sterilmeden al\u0131nt\u0131 yap\u0131lamaz, Kanuna ayk\u0131r\u0131 ve izinsiz olarak kopyalanamaz, ba\u015fka yerde yay\u0131nlanamaz.<\/p>\n","protected":false},"excerpt":{"rendered":"<p>D\u0131\u015fi\u015fleri Bakan\u0131 Hakan Fidan, Umman D\u0131\u015fi\u015fleri Bakan\u0131 Sayyid Badr Al Busaidi ile telefonda g\u00f6r\u00fc\u015ft\u00fc.<\/p>\n","protected":false},"author":2,"featured_media":32142,"comment_status":"open","ping_status":"open","sticky":false,"template":"","format":"standard","meta":{"footnotes":""},"categories":[6,5],"tags":[],"class_list":["post-32143","post","type-post","status-publish","format-standard","has-post-thumbnail","hentry","category-gundem","category-son-dakika"],"_links":{"self":[{"href":"https:\/\/eskigazeteci.com\/index.php?rest_route=\/wp\/v2\/posts\/32143","targetHints":{"allow":["GET"]}}],"collection":[{"href":"https:\/\/eskigazeteci.com\/index.php?rest_route=\/wp\/v2\/posts"}],"about":[{"href":"https:\/\/eskigazeteci.com\/index.php?rest_route=\/wp\/v2\/types\/post"}],"author":[{"embeddable":true,"href":"https:\/\/eskigazeteci.com\/index.php?rest_route=\/wp\/v2\/users\/2"}],"replies":[{"embeddable":true,"href":"https:\/\/eskigazeteci.com\/index.php?rest_route=%2Fwp%2Fv2%2Fcomments&post=32143"}],"version-history":[{"count":0,"href":"https:\/\/eskigazeteci.com\/index.php?rest_route=\/wp\/v2\/posts\/32143\/revisions"}],"wp:featuredmedia":[{"embeddable":true,"href":"https:\/\/eskigazeteci.com\/index.php?rest_route=\/wp\/v2\/media\/32142"}],"wp:attachment":[{"href":"https:\/\/eskigazeteci.com\/index.php?rest_route=%2Fwp%2Fv2%2Fmedia&parent=32143"}],"wp:term":[{"taxonomy":"category","embeddable":true,"href":"https:\/\/eskigazeteci.com\/index.php?rest_route=%2Fwp%2Fv2%2Fcategories&post=32143"},{"taxonomy":"post_tag","embeddable":true,"href":"https:\/\/eskigazeteci.com\/index.php?rest_route=%2Fwp%2Fv2%2Ftags&post=32143"}],"curies":[{"name":"wp","href":"https:\/\/api.w.org\/{rel}","templated":true}]}}