{"id":32135,"date":"2026-05-03T11:01:29","date_gmt":"2026-05-03T11:01:29","guid":{"rendered":"https:\/\/eskigazeteci.com\/?p=32135"},"modified":"2026-05-03T11:01:29","modified_gmt":"2026-05-03T11:01:29","slug":"50-yil-hapis-cezasi-var-firari-hukumlu-saklandigi-gardiropta-yakalandi","status":"publish","type":"post","link":"https:\/\/eskigazeteci.com\/?p=32135","title":{"rendered":"50 y\u0131l hapis cezas\u0131 var&#8230; Firari h\u00fck\u00fcml\u00fc sakland\u0131\u011f\u0131 gard\u0131ropta yakaland\u0131"},"content":{"rendered":"<p>Karaba\u011flar \u0130l\u00e7e Emniyet M\u00fcd\u00fcrl\u00fc\u011f\u00fc Su\u00e7 \u00d6nleme ve Soru\u015fturma B\u00fcro Amirli\u011fi ekipleri, aranan \u015fah\u0131slar\u0131n yakalanmas\u0131na y\u00f6nelik y\u00fcr\u00fctt\u00fckleri \u00e7al\u0131\u015fmada M.G.\u2019nin (27) izine ula\u015ft\u0131. \u015e\u00fcphelinin sakland\u0131\u011f\u0131 adresi tespit eden ekipler, evin \u00e7evresinde \u00f6nlem ald\u0131. Kap\u0131n\u0131n a\u00e7\u0131lmamas\u0131 \u00fczerine \u00e7ilingir yard\u0131m\u0131yla eve giren polis, yapt\u0131\u011f\u0131 aramada M.G.\u2019yi gard\u0131rop i\u00e7erisinde saklan\u0131rken yakalad\u0131.<\/p>\n<p>11 AYRI DOSYADAN TOPLAM 50 YIL KES\u0130NLE\u015eM\u0130\u015e HAP\u0130S<\/p>\n<p>\u015e\u00fcphelinin &#x27;Nitelikli olarak konut dokunulmazl\u0131\u011f\u0131n\u0131 ihlal&#x27;, &#x27;Bina i\u00e7erisinde muhafaza alt\u0131na al\u0131nm\u0131\u015f e\u015fya hakk\u0131nda h\u0131rs\u0131zl\u0131k &#x27; ve &#x27;Kullanmak i\u00e7in uyu\u015fturucu veya uyar\u0131c\u0131 madde sat\u0131n almak, kabul etmek veya bulundurmak&#x27; su\u00e7lar\u0131ndan 11 ayr\u0131 dosyadan toplam 50 y\u0131l kesinle\u015fmi\u015f hapis cezas\u0131 bulundu\u011fu belirtildi.<\/p>\n<p>Evde yap\u0131lan aramada 2 adet uyu\u015fturucu hap, 2 maksat d\u0131\u015f\u0131 b\u0131\u00e7ak ve 1 teleskopik cop ele ge\u00e7irildi. G\u00f6zalt\u0131na al\u0131nan firari h\u00fck\u00fcml\u00fc M.G., polisteki i\u015flemlerinin ard\u0131ndan cezaevine teslim edildi.<\/p>\n<p>T\u00fcrkiye g\u00fcndeminden son dakika haberleri, bug\u00fcn ya\u015fanan en son geli\u015fmeler, siyaset g\u00fcndeminden g\u00fcncel haberler ve b\u00fct\u00fcn son dakika haberleri i\u00e7in H\u00fcrriyet&#x27;in internet haber sitesi hurriyet.com.tr; Hurriyet.com.tr haber i\u00e7erikleri kaynak g\u00f6sterilmeden al\u0131nt\u0131&#8230;<\/p>\n","protected":false},"excerpt":{"rendered":"<p>\u0130zmir\u2019in Karaba\u011flar il\u00e7esinde, hakk\u0131nda 50 y\u0131l kesinle\u015fmi\u015f hapis cezas\u0131 bulunan firari h\u00fck\u00fcml\u00fc, sakland\u0131\u011f\u0131 evde gard\u0131rop i\u00e7inde yakaland\u0131.<\/p>\n","protected":false},"author":2,"featured_media":32134,"comment_status":"open","ping_status":"open","sticky":false,"template":"","format":"standard","meta":{"footnotes":""},"categories":[6,5],"tags":[],"class_list":["post-32135","post","type-post","status-publish","format-standard","has-post-thumbnail","hentry","category-gundem","category-son-dakika"],"_links":{"self":[{"href":"https:\/\/eskigazeteci.com\/index.php?rest_route=\/wp\/v2\/posts\/32135","targetHints":{"allow":["GET"]}}],"collection":[{"href":"https:\/\/eskigazeteci.com\/index.php?rest_route=\/wp\/v2\/posts"}],"about":[{"href":"https:\/\/eskigazeteci.com\/index.php?rest_route=\/wp\/v2\/types\/post"}],"author":[{"embeddable":true,"href":"https:\/\/eskigazeteci.com\/index.php?rest_route=\/wp\/v2\/users\/2"}],"replies":[{"embeddable":true,"href":"https:\/\/eskigazeteci.com\/index.php?rest_route=%2Fwp%2Fv2%2Fcomments&post=32135"}],"version-history":[{"count":0,"href":"https:\/\/eskigazeteci.com\/index.php?rest_route=\/wp\/v2\/posts\/32135\/revisions"}],"wp:featuredmedia":[{"embeddable":true,"href":"https:\/\/eskigazeteci.com\/index.php?rest_route=\/wp\/v2\/media\/32134"}],"wp:attachment":[{"href":"https:\/\/eskigazeteci.com\/index.php?rest_route=%2Fwp%2Fv2%2Fmedia&parent=32135"}],"wp:term":[{"taxonomy":"category","embeddable":true,"href":"https:\/\/eskigazeteci.com\/index.php?rest_route=%2Fwp%2Fv2%2Fcategories&post=32135"},{"taxonomy":"post_tag","embeddable":true,"href":"https:\/\/eskigazeteci.com\/index.php?rest_route=%2Fwp%2Fv2%2Ftags&post=32135"}],"curies":[{"name":"wp","href":"https:\/\/api.w.org\/{rel}","templated":true}]}}