{"id":32133,"date":"2026-05-03T10:59:48","date_gmt":"2026-05-03T10:59:48","guid":{"rendered":"https:\/\/eskigazeteci.com\/?p=32133"},"modified":"2026-05-03T10:59:48","modified_gmt":"2026-05-03T10:59:48","slug":"diyarbakirdaki-kutlamalarda-11-kisi-yaralandi-10-kisi-gozaltina-alindi","status":"publish","type":"post","link":"https:\/\/eskigazeteci.com\/?p=32133","title":{"rendered":"Diyarbak\u0131r&#8217;daki kutlamalarda 11 ki\u015fi yaraland\u0131, 10 ki\u015fi g\u00f6zalt\u0131na al\u0131nd\u0131"},"content":{"rendered":"<p>Amed Sportif Faaliyetler \u2019in, I\u011fd\u0131rspor deplasman\u0131nda 3-3 berabere kal\u0131p S\u00fcper Lig &#x27;e y\u00fckselmesinin ard\u0131ndan kent genelinde sabah saatlerine kadar kutlamalar yap\u0131ld\u0131. Kutlamalarda 3\u2019\u00fc \u00e7ocuk, 11 ki\u015fi silah ve b\u0131\u00e7ak kullan\u0131m\u0131 ile havai fi\u015feklerden kaynakl\u0131 yaraland\u0131. Yaral\u0131lar\u0131n sa\u011fl\u0131k durumunun iyi oldu\u011fu belirtildi. Yaralanmalara ili\u015fkin 10 \u015f\u00fcpheli g\u00f6zalt\u0131na al\u0131nd\u0131. \u015e\u00fcphelilerin i\u015flemleri devam ediyor.<\/p>\n<p>VAL\u0130L\u0130KTEN A\u00c7IKLAMA<\/p>\n<p>Valilikten konu ile ilgili yap\u0131lan a\u00e7\u0131klamada, \u201c Diyarbak\u0131r genelinde ger\u00e7ekle\u015ftirilen \u015fampiyonluk kutlamalar\u0131 s\u0131ras\u0131nda baz\u0131 olumsuz olaylar meydana geldi. Kutlamalar esnas\u0131nda ate\u015fli silah kullan\u0131m\u0131 (yorgun mermi), kesici aletle yaralama ve havai fi\u015fek kaynakl\u0131 kazalar sonucu 8\u2019i yeti\u015fkin, 3\u2019\u00fc \u00e7ocuk olmak \u00fczere toplam 11 ki\u015fi yaraland\u0131.<\/p>\n<p>Yaral\u0131lar\u0131n hayati tehlikesinin bulunmad\u0131\u011f\u0131, tedavilerinin sa\u011fl\u0131k kurulu\u015flar\u0131nda s\u00fcrd\u00fc\u011f\u00fc ve genel durumlar\u0131n\u0131n iyi oldu\u011fu \u00f6\u011frenildi. Olaylara ili\u015fkin y\u00fcr\u00fct\u00fclen \u00e7al\u0131\u015fmalar kapsam\u0131nda \u00e7e\u015fitli nitelikte silah ve su\u00e7 unsurlar\u0131 ele ge\u00e7irilirken olaylarla ba\u011flant\u0131l\u0131 oldu\u011fu de\u011ferlendirilen 10 \u015f\u00fcpheli g\u00f6zalt\u0131na al\u0131nd\u0131. Konuya ili\u015fkin adli ve idari i\u015flemlerin s\u00fcrd\u00fc\u011f\u00fc bildirildi\u201d denildi.<\/p>\n<p>T\u00fcrkiye g\u00fcndeminden son dakika haberleri,&#8230;<\/p>\n","protected":false},"excerpt":{"rendered":"<p>Diyarbak\u0131r Valili\u011fi, Amed Sportif Faaliyetler\u2019in S\u00fcper Lig\u2019e y\u00fckselmesinin ard\u0131ndan yap\u0131lan kutlamalar s\u0131ras\u0131nda ya\u015fanan olaylarda 11 ki\u015finin yaraland\u0131\u011f\u0131n\u0131,&#8230;<\/p>\n","protected":false},"author":2,"featured_media":32132,"comment_status":"open","ping_status":"open","sticky":false,"template":"","format":"standard","meta":{"footnotes":""},"categories":[6,5],"tags":[],"class_list":["post-32133","post","type-post","status-publish","format-standard","has-post-thumbnail","hentry","category-gundem","category-son-dakika"],"_links":{"self":[{"href":"https:\/\/eskigazeteci.com\/index.php?rest_route=\/wp\/v2\/posts\/32133","targetHints":{"allow":["GET"]}}],"collection":[{"href":"https:\/\/eskigazeteci.com\/index.php?rest_route=\/wp\/v2\/posts"}],"about":[{"href":"https:\/\/eskigazeteci.com\/index.php?rest_route=\/wp\/v2\/types\/post"}],"author":[{"embeddable":true,"href":"https:\/\/eskigazeteci.com\/index.php?rest_route=\/wp\/v2\/users\/2"}],"replies":[{"embeddable":true,"href":"https:\/\/eskigazeteci.com\/index.php?rest_route=%2Fwp%2Fv2%2Fcomments&post=32133"}],"version-history":[{"count":0,"href":"https:\/\/eskigazeteci.com\/index.php?rest_route=\/wp\/v2\/posts\/32133\/revisions"}],"wp:featuredmedia":[{"embeddable":true,"href":"https:\/\/eskigazeteci.com\/index.php?rest_route=\/wp\/v2\/media\/32132"}],"wp:attachment":[{"href":"https:\/\/eskigazeteci.com\/index.php?rest_route=%2Fwp%2Fv2%2Fmedia&parent=32133"}],"wp:term":[{"taxonomy":"category","embeddable":true,"href":"https:\/\/eskigazeteci.com\/index.php?rest_route=%2Fwp%2Fv2%2Fcategories&post=32133"},{"taxonomy":"post_tag","embeddable":true,"href":"https:\/\/eskigazeteci.com\/index.php?rest_route=%2Fwp%2Fv2%2Ftags&post=32133"}],"curies":[{"name":"wp","href":"https:\/\/api.w.org\/{rel}","templated":true}]}}