{"id":32131,"date":"2026-05-03T10:51:18","date_gmt":"2026-05-03T10:51:18","guid":{"rendered":"https:\/\/eskigazeteci.com\/?p=32131"},"modified":"2026-05-03T10:51:18","modified_gmt":"2026-05-03T10:51:18","slug":"istanbulda-asker-eglencesine-ates-acildi-17-yasindaki-yusuf-hayatini-kaybetti","status":"publish","type":"post","link":"https:\/\/eskigazeteci.com\/?p=32131","title":{"rendered":"\u0130stanbul&#8217;da asker e\u011flencesine ate\u015f a\u00e7\u0131ld\u0131, 17 ya\u015f\u0131ndaki Yusuf hayat\u0131n\u0131 kaybetti"},"content":{"rendered":"<p>Olay, 19 Nisan Pazar g\u00fcn\u00fc Tuna Mahallesi Tuna Caddesi&#x27;nde meydana geldi. \u0130ddiaya g\u00f6re, h\u0131zl\u0131 ara\u00e7 kulland\u0131\u011f\u0131 i\u00e7in s\u00f6zle uyar\u0131lan Dervi\u015f G.(17) \u00e7evredekilerle tart\u0131\u015fmaya ba\u015flad\u0131. Dervi\u015f G. k\u0131sa s\u00fcre sonra olay yerine silahla geri d\u00f6nerek asker e\u011flencesi i\u00e7in toplanan gruba ate\u015f a\u00e7t\u0131. Kur\u015funlardan biri Yusuf Arda \u00d6zer&#x27;e(17) isabet etti. A\u011f\u0131r yaral\u0131 olarak hastaneye kald\u0131r\u0131lan \u00d6zer 14 g\u00fcn boyunca yo\u011fun bak\u0131mda tedavi g\u00f6rd\u00fc\u011f\u00fc hastanede d\u00fcn ak\u015fam saatlerinde hayat\u0131n\u0131 kaybetti. Di\u011fer yandan g\u00f6zalt\u0131na al\u0131nan \u015f\u00fcpheli Dervi\u015f G. emniyetteki i\u015flemlerinin ard\u0131ndan sevk edildi\u011fi mahkemede tutuklanarak cezaevine g\u00f6nderildi.<\/p>\n<p>CENAZEY\u0130 A\u0130LES\u0130 TESL\u0130M ALDI<\/p>\n<p>Yo\u011fun bak\u0131mda tedavi g\u00f6ren ve 14 g\u00fcn sonra hayat\u0131n\u0131 kaybeden Yusuf Arda \u00d6zer&#x27;in cenazesi, otopsi i\u015flemlerinin ard\u0131ndan Adli T\u0131p Kurumu \u00f6n\u00fcnde bekleyen ailesine teslim edildi. \u00d6zer&#x27;in cenazesi Esenler &#x27;de ikindi namaz\u0131na m\u00fcteakip k\u0131l\u0131nacak namaz\u0131n ard\u0131ndan topra\u011fa verilecek.<\/p>\n<p>&#x27;KAVGA ETT\u0130\u011e\u0130 K\u0130\u015e\u0130Y\u0130 KOVALADI; BU SIRADA MERM\u0130 YUSUF&#x27;A GELD\u0130&#x27;<\/p>\n<p>Yusuf Arda \u00d6zer&#x27;in arkada\u015f\u0131 Yusuf Can, &quot;Asker e\u011flencemiz vard\u0131. Asker e\u011flencemiz oldu\u011fu i\u00e7in e\u011flencenin oldu\u011fu yere geldi. Ehliyeti yok ruhsat\u0131 yok hi\u00e7bir\u015fey yok ya\u015f\u0131 da yetmiyor. Arabayla gezip herkese&#8230;<\/p>\n","protected":false},"excerpt":{"rendered":"<p>Esenler&#8217;de bir \u015f\u00fcpheli, asker e\u011flencesi i\u00e7in toplanan gruba silahla ate\u015f a\u00e7t\u0131. Olayda a\u011f\u0131r yaralanan Yusuf Arda \u00d6zer, kald\u0131r\u0131ld\u0131\u011f\u0131 hastanede 14 g\u00fcn boyunca&#8230;<\/p>\n","protected":false},"author":2,"featured_media":32130,"comment_status":"open","ping_status":"open","sticky":false,"template":"","format":"standard","meta":{"footnotes":""},"categories":[6,5],"tags":[],"class_list":["post-32131","post","type-post","status-publish","format-standard","has-post-thumbnail","hentry","category-gundem","category-son-dakika"],"_links":{"self":[{"href":"https:\/\/eskigazeteci.com\/index.php?rest_route=\/wp\/v2\/posts\/32131","targetHints":{"allow":["GET"]}}],"collection":[{"href":"https:\/\/eskigazeteci.com\/index.php?rest_route=\/wp\/v2\/posts"}],"about":[{"href":"https:\/\/eskigazeteci.com\/index.php?rest_route=\/wp\/v2\/types\/post"}],"author":[{"embeddable":true,"href":"https:\/\/eskigazeteci.com\/index.php?rest_route=\/wp\/v2\/users\/2"}],"replies":[{"embeddable":true,"href":"https:\/\/eskigazeteci.com\/index.php?rest_route=%2Fwp%2Fv2%2Fcomments&post=32131"}],"version-history":[{"count":0,"href":"https:\/\/eskigazeteci.com\/index.php?rest_route=\/wp\/v2\/posts\/32131\/revisions"}],"wp:featuredmedia":[{"embeddable":true,"href":"https:\/\/eskigazeteci.com\/index.php?rest_route=\/wp\/v2\/media\/32130"}],"wp:attachment":[{"href":"https:\/\/eskigazeteci.com\/index.php?rest_route=%2Fwp%2Fv2%2Fmedia&parent=32131"}],"wp:term":[{"taxonomy":"category","embeddable":true,"href":"https:\/\/eskigazeteci.com\/index.php?rest_route=%2Fwp%2Fv2%2Fcategories&post=32131"},{"taxonomy":"post_tag","embeddable":true,"href":"https:\/\/eskigazeteci.com\/index.php?rest_route=%2Fwp%2Fv2%2Ftags&post=32131"}],"curies":[{"name":"wp","href":"https:\/\/api.w.org\/{rel}","templated":true}]}}