{"id":32129,"date":"2026-05-03T10:49:42","date_gmt":"2026-05-03T10:49:42","guid":{"rendered":"https:\/\/eskigazeteci.com\/?p=32129"},"modified":"2026-05-03T10:49:42","modified_gmt":"2026-05-03T10:49:42","slug":"eczacibasinin-yildizi-magdalena-stysiaktan-vakifbank-sozleri-en-iyi-voleybolumuzu-sergilemek-istiyoruz","status":"publish","type":"post","link":"https:\/\/eskigazeteci.com\/?p=32129","title":{"rendered":"Eczac\u0131ba\u015f\u0131&#8217;n\u0131n y\u0131ld\u0131z\u0131 Magdalena Stysiak&#8217;tan Vak\u0131fBank s\u00f6zleri: &#8216;En iyi voleybolumuzu sergilemek istiyoruz!&#8217;"},"content":{"rendered":"<p>A. Carraro Imoco&#x27;yu 3-2 yenen Vak\u0131fBank, CEV \u015eampiyonlar Ligi&#x27;ndeki 7. \u015fampiyonlu\u011funu \u0130stanbul&#x27;da kazanmaya \u00e7al\u0131\u015facak. Sar\u0131-siyahl\u0131 tak\u0131m, organizasyonda 2011, 2013, 2017, 2018, 2022 ve 2023&#x27;te \u015fampiyonluk ipini g\u00f6\u011f\u00fcsledi.<\/p>\n<p>Savino Del Bene&#x27;yi 3-2 ile ge\u00e7en Eczac\u0131ba\u015f\u0131 ise CEV \u015eampiyonlar Ligi&#x27;nde 2. kez kupay\u0131 m\u00fczesine g\u00f6t\u00fcrmek i\u00e7in sahaya \u00e7\u0131kacak. Ba\u015fantren\u00f6r Giulio Cesare Bregoli y\u00f6netimindeki turuncu-beyazl\u0131lar, 2015 y\u0131l\u0131nda Polonya&#x27;da d\u00fczenlenen D\u00f6rtl\u00fc Final organizasyonunu \u015fampiyonlukla tamamlad\u0131.<\/p>\n<p>VAKIFBANK \u0130LE ECZACIBA\u015eI \u0130K\u0130NC\u0130 KEZ F\u0130NALDE RAK\u0130P OLDU<\/p>\n<p>Vak\u0131fBank ile Eczac\u0131ba\u015f\u0131, CEV \u015eampiyonlar Ligi finalinde ikinci kez kar\u015f\u0131 kar\u015f\u0131ya gelecek. Organizasyonda T\u00fcrk temsilcileri, 2022-2023 sezonunda oynanan final ma\u00e7\u0131nda kozlar\u0131n\u0131 payla\u015ft\u0131.<\/p>\n<p>Rakibini 3-1 ma\u011flup eden Vak\u0131fBank, b\u00f6ylece \u015eampiyonlar Ligi kupas\u0131n\u0131 6. kez m\u00fczesine g\u00f6t\u00fcrm\u00fc\u015f oldu. Bu e\u015fle\u015fme ayn\u0131 zamanda \u015eampiyonlar Ligi tarihindeki ikinci T\u00fcrk finali olacak.<\/p>\n<p>Eczac\u0131ba\u015f\u0131 &#x27;n\u0131n ba\u015far\u0131l\u0131 oyuncusu Magdalena Stysiak, final \u00f6ncesi Meridian Sport&#x27;a \u015fu a\u00e7\u0131klamalarda bulundu:<\/p>\n<p>Hala inanam\u0131yorum. Ne ma\u00e7t\u0131 ama, nas\u0131l oynad\u0131k&#8230; Tak\u0131mdaki herkes son \u00fc\u00e7 haftada neler ba\u015fard\u0131\u011f\u0131m\u0131z\u0131 biliyor. Tam anlam\u0131yla sadece bu ma\u00e7 i\u00e7in&#8230;<\/p>\n","protected":false},"excerpt":{"rendered":"<p>CEV \u015eampiyonlar Ligi Final Four&#8217;da rakiplerini saf d\u0131\u015f\u0131 b\u0131rakan Vak\u0131fBank ile Eczac\u0131ba\u015f\u0131, bug\u00fcn finalde kozlar\u0131n\u0131 payla\u015facak. Kar\u015f\u0131la\u015fma \u00f6ncesinde&#8230;<\/p>\n","protected":false},"author":2,"featured_media":32128,"comment_status":"open","ping_status":"open","sticky":false,"template":"","format":"standard","meta":{"footnotes":""},"categories":[5,7],"tags":[],"class_list":["post-32129","post","type-post","status-publish","format-standard","has-post-thumbnail","hentry","category-son-dakika","category-spor"],"_links":{"self":[{"href":"https:\/\/eskigazeteci.com\/index.php?rest_route=\/wp\/v2\/posts\/32129","targetHints":{"allow":["GET"]}}],"collection":[{"href":"https:\/\/eskigazeteci.com\/index.php?rest_route=\/wp\/v2\/posts"}],"about":[{"href":"https:\/\/eskigazeteci.com\/index.php?rest_route=\/wp\/v2\/types\/post"}],"author":[{"embeddable":true,"href":"https:\/\/eskigazeteci.com\/index.php?rest_route=\/wp\/v2\/users\/2"}],"replies":[{"embeddable":true,"href":"https:\/\/eskigazeteci.com\/index.php?rest_route=%2Fwp%2Fv2%2Fcomments&post=32129"}],"version-history":[{"count":0,"href":"https:\/\/eskigazeteci.com\/index.php?rest_route=\/wp\/v2\/posts\/32129\/revisions"}],"wp:featuredmedia":[{"embeddable":true,"href":"https:\/\/eskigazeteci.com\/index.php?rest_route=\/wp\/v2\/media\/32128"}],"wp:attachment":[{"href":"https:\/\/eskigazeteci.com\/index.php?rest_route=%2Fwp%2Fv2%2Fmedia&parent=32129"}],"wp:term":[{"taxonomy":"category","embeddable":true,"href":"https:\/\/eskigazeteci.com\/index.php?rest_route=%2Fwp%2Fv2%2Fcategories&post=32129"},{"taxonomy":"post_tag","embeddable":true,"href":"https:\/\/eskigazeteci.com\/index.php?rest_route=%2Fwp%2Fv2%2Ftags&post=32129"}],"curies":[{"name":"wp","href":"https:\/\/api.w.org\/{rel}","templated":true}]}}