{"id":32125,"date":"2026-05-03T10:39:39","date_gmt":"2026-05-03T10:39:39","guid":{"rendered":"https:\/\/eskigazeteci.com\/?p=32125"},"modified":"2026-05-03T10:39:39","modified_gmt":"2026-05-03T10:39:39","slug":"kurban-bayrami-2026-tatili-son-dakika","status":"publish","type":"post","link":"https:\/\/eskigazeteci.com\/?p=32125","title":{"rendered":"KURBAN BAYRAMI 2026 TAT\u0130L\u0130 SON DAK\u0130KA"},"content":{"rendered":"<p>Kurban Bayram\u0131 tatili 2026 i\u00e7in g\u00f6zler resmi a\u00e7\u0131klamalara \u00e7evrildi. K\u00fclt\u00fcr ve Turizm Bakan\u0131 Mehmet Nuri Ersoy, Kurban Bayram\u0131 tatili ile ilgili sorular\u0131 yan\u0131tlad\u0131. Kurban Bayram\u0131&#x27;n\u0131n hafta i\u00e7ine denk gelmesi bayram tatili 9 g\u00fcn m\u00fc olacak sorusunu beraberinde getirdi. 2026 y\u0131l\u0131nda Kurban Bayram\u0131, May\u0131s ay\u0131n\u0131n son haftas\u0131nda idrak edilecek. Bayram\u0131n arifesi 26 May\u0131s Sal\u0131 g\u00fcn\u00fcne denk gelirken, bayram\u0131n birinci g\u00fcn\u00fc 27 May\u0131s \u00c7ar\u015famba g\u00fcn\u00fc ba\u015flayacak. Peki, Kurban bayram\u0131 tatili ka\u00e7 g\u00fcn, 9 g\u00fcn m\u00fc olacak? Kurban Bayram\u0131 ne zaman 2026? \u0130\u015fte Kurban Bayram\u0131 2026 tarihleri<\/p>\n<p>Kurban Bayram\u0131 tatili 2026 i\u00e7in g\u00f6zler resmi a\u00e7\u0131klamalara \u00e7evrildi. K\u00fclt\u00fcr ve Turizm Bakan\u0131 Mehmet Nuri Ersoy, Kurban Bayram\u0131 tatili ile ilgili sorular\u0131 yan\u0131tlad\u0131. Kurban Bayram\u0131&#x27;n\u0131n hafta i\u00e7ine denk gelmesi bayram tatili 9 g\u00fcn m\u00fc olacak sorusunu beraberinde getirdi. 2026 y\u0131l\u0131nda Kurban Bayram\u0131, May\u0131s ay\u0131n\u0131n son haftas\u0131nda idrak edilecek. Bayram\u0131n arifesi 26 May\u0131s Sal\u0131 g\u00fcn\u00fcne denk gelirken, bayram\u0131n birinci g\u00fcn\u00fc 27 May\u0131s \u00c7ar\u015famba g\u00fcn\u00fc ba\u015flayacak. Peki, Kurban bayram\u0131 tatili ka\u00e7 g\u00fcn, 9 g\u00fcn m\u00fc olacak? Kurban Bayram\u0131 ne zaman 2026? \u0130\u015fte Kurban Bayram\u0131 2026 tarihleri<\/p>\n<p>Kurban Bayram\u0131 Arifesi: 26 May\u0131s 2026 Sal\u0131 (Yar\u0131m g\u00fcn&#8230;<\/p>\n","protected":false},"excerpt":{"rendered":"<p>Milyonlarca vatanda\u015f\u0131n bekledi\u011fi 2026 Kurban Bayram\u0131 tarihleri belli oldu. Diyanet takvimine g\u00f6re Kurban Bayram\u0131 bu y\u0131l May\u0131s ay\u0131na denk geliyor. K\u00fclt\u00fcr ve&#8230;<\/p>\n","protected":false},"author":2,"featured_media":32124,"comment_status":"open","ping_status":"open","sticky":false,"template":"","format":"standard","meta":{"footnotes":""},"categories":[6,5],"tags":[],"class_list":["post-32125","post","type-post","status-publish","format-standard","has-post-thumbnail","hentry","category-gundem","category-son-dakika"],"_links":{"self":[{"href":"https:\/\/eskigazeteci.com\/index.php?rest_route=\/wp\/v2\/posts\/32125","targetHints":{"allow":["GET"]}}],"collection":[{"href":"https:\/\/eskigazeteci.com\/index.php?rest_route=\/wp\/v2\/posts"}],"about":[{"href":"https:\/\/eskigazeteci.com\/index.php?rest_route=\/wp\/v2\/types\/post"}],"author":[{"embeddable":true,"href":"https:\/\/eskigazeteci.com\/index.php?rest_route=\/wp\/v2\/users\/2"}],"replies":[{"embeddable":true,"href":"https:\/\/eskigazeteci.com\/index.php?rest_route=%2Fwp%2Fv2%2Fcomments&post=32125"}],"version-history":[{"count":0,"href":"https:\/\/eskigazeteci.com\/index.php?rest_route=\/wp\/v2\/posts\/32125\/revisions"}],"wp:featuredmedia":[{"embeddable":true,"href":"https:\/\/eskigazeteci.com\/index.php?rest_route=\/wp\/v2\/media\/32124"}],"wp:attachment":[{"href":"https:\/\/eskigazeteci.com\/index.php?rest_route=%2Fwp%2Fv2%2Fmedia&parent=32125"}],"wp:term":[{"taxonomy":"category","embeddable":true,"href":"https:\/\/eskigazeteci.com\/index.php?rest_route=%2Fwp%2Fv2%2Fcategories&post=32125"},{"taxonomy":"post_tag","embeddable":true,"href":"https:\/\/eskigazeteci.com\/index.php?rest_route=%2Fwp%2Fv2%2Ftags&post=32125"}],"curies":[{"name":"wp","href":"https:\/\/api.w.org\/{rel}","templated":true}]}}