{"id":32121,"date":"2026-05-03T10:21:04","date_gmt":"2026-05-03T10:21:04","guid":{"rendered":"https:\/\/eskigazeteci.com\/?p=32121"},"modified":"2026-05-03T10:21:04","modified_gmt":"2026-05-03T10:21:04","slug":"konyada-kepengi-acti-ve-para-ve-altin-kizartan-4-kisi-caydiriyor","status":"publish","type":"post","link":"https:\/\/eskigazeteci.com\/?p=32121","title":{"rendered":"Konya&#8217;da Kepengi A\u00e7t\u0131 ve Para ve Alt\u0131n K\u0131zartan 4 Ki\u015fi \u00c7ayd\u0131r\u0131yor"},"content":{"rendered":"<p>Konya&#x27;da kepengini a\u00e7\u0131p girdikleri kuyumcudan para ve alt\u0131n alan 4 ki\u015fi, motosikletle ka\u00e7arak kaza yap\u0131yor. \u015e\u00fcphelilerin i\u00e7eri\u011fi, i\u00e7inde para ve alt\u0131n olan&#8230;<\/p>\n","protected":false},"excerpt":{"rendered":"<p>4 ki\u015fi, motosikletle ka\u00e7arken kaza yapt\u0131. \u015e\u00fcpheliler, i\u00e7inde para ve alt\u0131n olan&#8230;<\/p>\n","protected":false},"author":2,"featured_media":32120,"comment_status":"open","ping_status":"open","sticky":false,"template":"","format":"standard","meta":{"footnotes":""},"categories":[6,5],"tags":[],"class_list":["post-32121","post","type-post","status-publish","format-standard","has-post-thumbnail","hentry","category-gundem","category-son-dakika"],"_links":{"self":[{"href":"https:\/\/eskigazeteci.com\/index.php?rest_route=\/wp\/v2\/posts\/32121","targetHints":{"allow":["GET"]}}],"collection":[{"href":"https:\/\/eskigazeteci.com\/index.php?rest_route=\/wp\/v2\/posts"}],"about":[{"href":"https:\/\/eskigazeteci.com\/index.php?rest_route=\/wp\/v2\/types\/post"}],"author":[{"embeddable":true,"href":"https:\/\/eskigazeteci.com\/index.php?rest_route=\/wp\/v2\/users\/2"}],"replies":[{"embeddable":true,"href":"https:\/\/eskigazeteci.com\/index.php?rest_route=%2Fwp%2Fv2%2Fcomments&post=32121"}],"version-history":[{"count":0,"href":"https:\/\/eskigazeteci.com\/index.php?rest_route=\/wp\/v2\/posts\/32121\/revisions"}],"wp:featuredmedia":[{"embeddable":true,"href":"https:\/\/eskigazeteci.com\/index.php?rest_route=\/wp\/v2\/media\/32120"}],"wp:attachment":[{"href":"https:\/\/eskigazeteci.com\/index.php?rest_route=%2Fwp%2Fv2%2Fmedia&parent=32121"}],"wp:term":[{"taxonomy":"category","embeddable":true,"href":"https:\/\/eskigazeteci.com\/index.php?rest_route=%2Fwp%2Fv2%2Fcategories&post=32121"},{"taxonomy":"post_tag","embeddable":true,"href":"https:\/\/eskigazeteci.com\/index.php?rest_route=%2Fwp%2Fv2%2Ftags&post=32121"}],"curies":[{"name":"wp","href":"https:\/\/api.w.org\/{rel}","templated":true}]}}