{"id":32117,"date":"2026-05-03T10:12:28","date_gmt":"2026-05-03T10:12:28","guid":{"rendered":"https:\/\/eskigazeteci.com\/?p=32117"},"modified":"2026-05-03T10:12:28","modified_gmt":"2026-05-03T10:12:28","slug":"ozkan-yalim-chpden-ihrac-edildi","status":"publish","type":"post","link":"https:\/\/eskigazeteci.com\/?p=32117","title":{"rendered":"\u00d6zkan Yal\u0131m, CHP&#8217;den ihra\u00e7 edildi"},"content":{"rendered":"<p>Su\u00e7 i\u015flemek amac\u0131yla \u00f6rg\u00fct kurma, kamu kurum veya kurulu\u015flar\u0131n\u0131n ihalesine fesat kar\u0131\u015ft\u0131rmak, icbar suretiyle irtikap ve r\u00fc\u015fvet almak<\/p>\n","protected":false},"excerpt":{"rendered":"<p>Tutukland\u0131ktan sonra g\u00f6revden uzakla\u015ft\u0131r\u0131lan U\u015fak Belediye Ba\u015fkan\u0131 \u00d6zkan Yal\u0131m, CHP&#8217;den ihra\u00e7 edildi.<\/p>\n","protected":false},"author":2,"featured_media":32116,"comment_status":"open","ping_status":"open","sticky":false,"template":"","format":"standard","meta":{"footnotes":""},"categories":[6,5],"tags":[],"class_list":["post-32117","post","type-post","status-publish","format-standard","has-post-thumbnail","hentry","category-gundem","category-son-dakika"],"_links":{"self":[{"href":"https:\/\/eskigazeteci.com\/index.php?rest_route=\/wp\/v2\/posts\/32117","targetHints":{"allow":["GET"]}}],"collection":[{"href":"https:\/\/eskigazeteci.com\/index.php?rest_route=\/wp\/v2\/posts"}],"about":[{"href":"https:\/\/eskigazeteci.com\/index.php?rest_route=\/wp\/v2\/types\/post"}],"author":[{"embeddable":true,"href":"https:\/\/eskigazeteci.com\/index.php?rest_route=\/wp\/v2\/users\/2"}],"replies":[{"embeddable":true,"href":"https:\/\/eskigazeteci.com\/index.php?rest_route=%2Fwp%2Fv2%2Fcomments&post=32117"}],"version-history":[{"count":0,"href":"https:\/\/eskigazeteci.com\/index.php?rest_route=\/wp\/v2\/posts\/32117\/revisions"}],"wp:featuredmedia":[{"embeddable":true,"href":"https:\/\/eskigazeteci.com\/index.php?rest_route=\/wp\/v2\/media\/32116"}],"wp:attachment":[{"href":"https:\/\/eskigazeteci.com\/index.php?rest_route=%2Fwp%2Fv2%2Fmedia&parent=32117"}],"wp:term":[{"taxonomy":"category","embeddable":true,"href":"https:\/\/eskigazeteci.com\/index.php?rest_route=%2Fwp%2Fv2%2Fcategories&post=32117"},{"taxonomy":"post_tag","embeddable":true,"href":"https:\/\/eskigazeteci.com\/index.php?rest_route=%2Fwp%2Fv2%2Ftags&post=32117"}],"curies":[{"name":"wp","href":"https:\/\/api.w.org\/{rel}","templated":true}]}}