{"id":32115,"date":"2026-05-03T10:11:10","date_gmt":"2026-05-03T10:11:10","guid":{"rendered":"https:\/\/eskigazeteci.com\/?p=32115"},"modified":"2026-05-03T10:11:10","modified_gmt":"2026-05-03T10:11:10","slug":"ukrayna-rusyanin-petrol-tankerlerini-vurdu-zelenskiden-yeni-hamle","status":"publish","type":"post","link":"https:\/\/eskigazeteci.com\/?p=32115","title":{"rendered":"Ukrayna, Rusya&#8217;n\u0131n petrol tankerlerini vurdu: Zelenski&#8217;den yeni hamle"},"content":{"rendered":"<p>Zelenski, sosyal medya hesab\u0131 \u00fczerinden sald\u0131r\u0131ya ait bir g\u00f6r\u00fcnt\u00fcy\u00fc de payla\u015ft\u0131\u011f\u0131 a\u00e7\u0131klamas\u0131nda, &quot;Rus g\u00f6lge filosuna&quot; y\u00f6nelik sald\u0131r\u0131lar\u0131 s\u00fcrd\u00fcrd\u00fcklerini bildirdi.<\/p>\n<p>Ukrayna ordusunun, s\u00f6z konusu filoya ait iki petrol tankerine y\u00f6nelik Rusya&#x27;n\u0131n Novorossiysk Liman\u0131 giri\u015finde sald\u0131r\u0131 ger\u00e7ekle\u015ftirdi\u011fini aktaran Zelenski, aktif olarak petrol ta\u015f\u0131mac\u0131l\u0131\u011f\u0131nda kullan\u0131lan bu tankerlerin art\u0131k kullan\u0131lamayaca\u011f\u0131n\u0131 iddia etti.<\/p>\n<p>Zelenski, uzun menzilli sald\u0131r\u0131lar\u0131 art\u0131racaklar\u0131na de\u011finerek, &quot;Ukrayna&#x27;n\u0131n uzun menzilli yetenekleri denizde, havada ve karada kapsaml\u0131 bir \u015fekilde geli\u015ftirilecektir.&quot; dedi.<\/p>\n<p>RUSYA&#x27;DAN \u0130SKENDER F\u00dcZES\u0130YLE SALDIRI<\/p>\n<p>\u00d6te yandan Ukrayna Ordusu Hava Kuvvetleri Komutanl\u0131\u011f\u0131 taraf\u0131ndan yap\u0131lan yaz\u0131l\u0131 a\u00e7\u0131klamada, Rus ordusunun gece f\u00fcze ve silahl\u0131 insans\u0131z hava ara\u00e7lar\u0131yla (S\u0130HA) sald\u0131r\u0131 d\u00fczenledi\u011fi duyuruldu.<\/p>\n<p>Sald\u0131r\u0131da bir adet &quot;\u0130skender-M&quot; tipi balistik f\u00fczesi, &quot;Shahed&quot; ile &quot;\u0130talmas&quot; ve &quot;Gerbara&quot; tipi S\u0130HA&#x27;lar\u0131n kullan\u0131ld\u0131\u011f\u0131 kaydedilen a\u00e7\u0131klamada, f\u00fcze ve 249 S\u0130HA&#x27;n\u0131n Ukrayna ordusunca etkisiz hale getirildi\u011fi ifade edildi.<\/p>\n<p>Ukrayna Devlet Acil Durum Servisinden (DSNS) yap\u0131lan a\u00e7\u0131klamada ise Rusya&#x27;n\u0131n Odessa&#x27;ya y\u00f6nelik ger\u00e7ekle\u015ftirdi\u011fi sald\u0131r\u0131da 2 ki\u015finin \u00f6ld\u00fc\u011f\u00fc ve 5&#8230;<\/p>\n","protected":false},"excerpt":{"rendered":"<p>Ukrayna Devlet Ba\u015fkan\u0131 Volodimir Zelenski, Rusya&#8217;n\u0131n Novorossiysk Liman\u0131 giri\u015finde Rus g\u00f6lge filosuna ait iki petrol tankerine sald\u0131r\u0131 d\u00fczenlediklerini&#8230;<\/p>\n","protected":false},"author":2,"featured_media":32114,"comment_status":"open","ping_status":"open","sticky":false,"template":"","format":"standard","meta":{"footnotes":""},"categories":[6,5],"tags":[],"class_list":["post-32115","post","type-post","status-publish","format-standard","has-post-thumbnail","hentry","category-gundem","category-son-dakika"],"_links":{"self":[{"href":"https:\/\/eskigazeteci.com\/index.php?rest_route=\/wp\/v2\/posts\/32115","targetHints":{"allow":["GET"]}}],"collection":[{"href":"https:\/\/eskigazeteci.com\/index.php?rest_route=\/wp\/v2\/posts"}],"about":[{"href":"https:\/\/eskigazeteci.com\/index.php?rest_route=\/wp\/v2\/types\/post"}],"author":[{"embeddable":true,"href":"https:\/\/eskigazeteci.com\/index.php?rest_route=\/wp\/v2\/users\/2"}],"replies":[{"embeddable":true,"href":"https:\/\/eskigazeteci.com\/index.php?rest_route=%2Fwp%2Fv2%2Fcomments&post=32115"}],"version-history":[{"count":0,"href":"https:\/\/eskigazeteci.com\/index.php?rest_route=\/wp\/v2\/posts\/32115\/revisions"}],"wp:featuredmedia":[{"embeddable":true,"href":"https:\/\/eskigazeteci.com\/index.php?rest_route=\/wp\/v2\/media\/32114"}],"wp:attachment":[{"href":"https:\/\/eskigazeteci.com\/index.php?rest_route=%2Fwp%2Fv2%2Fmedia&parent=32115"}],"wp:term":[{"taxonomy":"category","embeddable":true,"href":"https:\/\/eskigazeteci.com\/index.php?rest_route=%2Fwp%2Fv2%2Fcategories&post=32115"},{"taxonomy":"post_tag","embeddable":true,"href":"https:\/\/eskigazeteci.com\/index.php?rest_route=%2Fwp%2Fv2%2Ftags&post=32115"}],"curies":[{"name":"wp","href":"https:\/\/api.w.org\/{rel}","templated":true}]}}